{"id":2641,"date":"2024-08-05T20:16:32","date_gmt":"2024-08-05T20:16:32","guid":{"rendered":"https:\/\/interaudit.com.br\/?p=2641"},"modified":"2024-08-05T20:16:34","modified_gmt":"2024-08-05T20:16:34","slug":"receita-federal-lanca-operacao-contra-irregularidades-em-despesas-com-aeronaves-na-atividade-rural","status":"publish","type":"post","link":"https:\/\/interaudit.com.br\/index.php\/2024\/08\/05\/receita-federal-lanca-operacao-contra-irregularidades-em-despesas-com-aeronaves-na-atividade-rural\/","title":{"rendered":"Receita Federal lan\u00e7a opera\u00e7\u00e3o contra irregularidades em despesas com aeronaves na atividade rural"},"content":{"rendered":"\n<p>A Superintend\u00eancia Regional da Receita Federal do Brasil na 1\u00aa Regi\u00e3o Fiscal lan\u00e7ou a Opera\u00e7\u00e3o Declara Agro \u2013 Aeronaves, visando assegurar a conformidade tribut\u00e1ria dos contribuintes do&nbsp;<a href=\"https:\/\/www.contabeis.com.br\/tributario\/imposto-de-renda\/\">Imposto de Renda<\/a>&nbsp;sobre a Pessoa F\u00edsica&nbsp;<a href=\"https:\/\/www.contabeis.com.br\/tributario\/irpf\/\">(IRPF)<\/a>&nbsp;envolvidos na atividade rural. A iniciativa busca identificar e corrigir despesas relacionadas \u00e0 aquisi\u00e7\u00e3o, opera\u00e7\u00e3o ou manuten\u00e7\u00e3o de aeronaves, que n\u00e3o s\u00e3o consideradas dedut\u00edveis para fins de IRPF dentro da atividade rural. As irregularidades foram detectadas por meio do Livro-Caixa Digital do Produtor Rural (LCDPR).<\/p>\n\n\n\n<p>Os contribuintes identificados na opera\u00e7\u00e3o receber\u00e3o notifica\u00e7\u00f5es atrav\u00e9s dos correios e da caixa postal eletr\u00f4nica no ambiente virtual&nbsp;<a href=\"https:\/\/www.contabeis.com.br\/tributario\/e-cac\/\">e-CAC.<\/a>&nbsp;Na primeira fase, 43 contribuintes foram notificados: 11 em Goi\u00e1s, 29 no Mato Grosso, 2 no Mato Grosso do Sul e 1 no Distrito Federal. Estes contribuintes deduziram despesas totalizando R$ 78,7 milh\u00f5es entre 2020 e 2022, resultando em uma redu\u00e7\u00e3o de R$ 21,6 milh\u00f5es no Imposto de Renda.<\/p>\n\n\n\n<p>Os contribuintes notificados t\u00eam at\u00e9 31 de agosto de 2024 para regularizar suas situa\u00e7\u00f5es. Para evitar multas de of\u00edcio, \u00e9 necess\u00e1rio excluir as despesas indevidas na Declara\u00e7\u00e3o de Ajuste Anual do IRPF retificadora e pagar a diferen\u00e7a do Imposto de Renda.<\/p>\n\n\n\n<h2 class=\"wp-block-heading\"><strong>Consequ\u00eancias do n\u00e3o cumprimento<\/strong><\/h2>\n\n\n\n<p>Ap\u00f3s o prazo estipulado, os contribuintes que n\u00e3o ajustarem suas declara\u00e7\u00f5es estar\u00e3o sujeitos ao lan\u00e7amento de of\u00edcio do Imposto de Renda, com uma multa de 75% sobre a diferen\u00e7a apurada pela fiscaliza\u00e7\u00e3o.<\/p>\n\n\n\n<h2 class=\"wp-block-heading\"><strong>Crit\u00e9rios para dedu\u00e7\u00e3o de despesas com aeronaves<\/strong><\/h2>\n\n\n\n<p>Nem todas as despesas com aeronaves podem ser consideradas dedut\u00edveis na atividade rural para o IRPF. Para serem deduzidas, as despesas de custeio e investimentos devem ser essenciais \u00e0 obten\u00e7\u00e3o de rendimentos e manuten\u00e7\u00e3o da fonte produtora, e diretamente relacionadas \u00e0 atividade rural exercida.<\/p>\n\n\n\n<p>De acordo com a Receita Federal, aeronaves utilizadas para transporte de pessoas, mesmo que para fins comerciais, administrativos ou de gest\u00e3o do agroneg\u00f3cio, n\u00e3o s\u00e3o consideradas de uso exclusivo na atividade rural. Portanto, esses gastos n\u00e3o s\u00e3o dedut\u00edveis para fins fiscais.<\/p>\n\n\n\n<h2 class=\"wp-block-heading\"><strong>Orienta\u00e7\u00f5es e recursos<\/strong><\/h2>\n\n\n\n<p>A Receita Federal disponibilizou em seu site o &#8220;Perguntas e Respostas IRPF 2024&#8221;, onde aborda a dedutibilidade de despesas com aeronaves nas perguntas n\u00ba 539 e 540. Outra fonte de orienta\u00e7\u00e3o \u00e9 a Solu\u00e7\u00e3o de Consulta Cosit n\u00ba 204\/2023, tamb\u00e9m acess\u00edvel no site da Receita.<\/p>\n\n\n\n<p>A Receita considera como uso exclusivo na atividade rural apenas as aeronaves espec\u00edficas para aplica\u00e7\u00e3o a\u00e9rea de sementes, alevinos, defensivos agr\u00edcolas, fertilizantes, entre outros.<\/p>\n","protected":false},"excerpt":{"rendered":"<p>A Superintend\u00eancia Regional da Receita Federal do Brasil na 1\u00aa Regi\u00e3o Fiscal lan\u00e7ou a Opera\u00e7\u00e3o Declara Agro \u2013 Aeronaves, visando assegurar a conformidade tribut\u00e1ria dos contribuintes do&nbsp;Imposto de Renda&nbsp;sobre a Pessoa F\u00edsica&nbsp;(IRPF)&nbsp;envolvidos na atividade rural. A iniciativa busca identificar e corrigir despesas relacionadas \u00e0 aquisi\u00e7\u00e3o, opera\u00e7\u00e3o ou manuten\u00e7\u00e3o de aeronaves, que n\u00e3o s\u00e3o consideradas dedut\u00edveis [&hellip;]<\/p>\n","protected":false},"author":2,"featured_media":2508,"comment_status":"open","ping_status":"open","sticky":false,"template":"","format":"standard","meta":{"footnotes":""},"categories":[1],"tags":[],"class_list":["post-2641","post","type-post","status-publish","format-standard","has-post-thumbnail","hentry","category-uncategorized"],"_links":{"self":[{"href":"https:\/\/interaudit.com.br\/index.php\/wp-json\/wp\/v2\/posts\/2641","targetHints":{"allow":["GET"]}}],"collection":[{"href":"https:\/\/interaudit.com.br\/index.php\/wp-json\/wp\/v2\/posts"}],"about":[{"href":"https:\/\/interaudit.com.br\/index.php\/wp-json\/wp\/v2\/types\/post"}],"author":[{"embeddable":true,"href":"https:\/\/interaudit.com.br\/index.php\/wp-json\/wp\/v2\/users\/2"}],"replies":[{"embeddable":true,"href":"https:\/\/interaudit.com.br\/index.php\/wp-json\/wp\/v2\/comments?post=2641"}],"version-history":[{"count":1,"href":"https:\/\/interaudit.com.br\/index.php\/wp-json\/wp\/v2\/posts\/2641\/revisions"}],"predecessor-version":[{"id":2642,"href":"https:\/\/interaudit.com.br\/index.php\/wp-json\/wp\/v2\/posts\/2641\/revisions\/2642"}],"wp:featuredmedia":[{"embeddable":true,"href":"https:\/\/interaudit.com.br\/index.php\/wp-json\/wp\/v2\/media\/2508"}],"wp:attachment":[{"href":"https:\/\/interaudit.com.br\/index.php\/wp-json\/wp\/v2\/media?parent=2641"}],"wp:term":[{"taxonomy":"category","embeddable":true,"href":"https:\/\/interaudit.com.br\/index.php\/wp-json\/wp\/v2\/categories?post=2641"},{"taxonomy":"post_tag","embeddable":true,"href":"https:\/\/interaudit.com.br\/index.php\/wp-json\/wp\/v2\/tags?post=2641"}],"curies":[{"name":"wp","href":"https:\/\/api.w.org\/{rel}","templated":true}]}}