{"id":2608,"date":"2023-03-15T11:58:08","date_gmt":"2023-03-15T11:58:08","guid":{"rendered":"https:\/\/interaudit.com.br\/?p=2608"},"modified":"2023-03-15T11:58:11","modified_gmt":"2023-03-15T11:58:11","slug":"reforma-tributaria-com-a-devolucao-de-impostos-saiba-quem-pode-ser-beneficiado-e-quem-pagaria-mais","status":"publish","type":"post","link":"https:\/\/interaudit.com.br\/index.php\/2023\/03\/15\/reforma-tributaria-com-a-devolucao-de-impostos-saiba-quem-pode-ser-beneficiado-e-quem-pagaria-mais\/","title":{"rendered":"Reforma Tribut\u00e1ria: com a devolu\u00e7\u00e3o de impostos, saiba quem pode ser beneficiado e quem pagaria mais"},"content":{"rendered":"\n<p>Reforma Tribut\u00e1ria: com a devolu\u00e7\u00e3o de impostos, saiba quem pode ser beneficiado e quem pagaria mais<\/p>\n\n\n\n<p>A reforma que o governo deseja aprovar no Congresso neste ano busca simplificar o sistema tribut\u00e1rio, unificando diversos tributos que hoje s\u00e3o cobrados sobre a produ\u00e7\u00e3o e a comercializa\u00e7\u00e3o de produtos e servi\u00e7os.<\/p>\n\n\n\n<p>A proposta, que pode aumentar a produtividade da economia e alavancar o crescimento, \u00e9 debatida h\u00e1 d\u00e9cadas no pa\u00eds. Ela tem enfrentado dificuldades para sair do papel porque impacta interesses de diferentes setores econ\u00f4micos e mexe na arrecada\u00e7\u00e3o da Uni\u00e3o e de Estados e munic\u00edpios, demandando ampla negocia\u00e7\u00e3o.<\/p>\n\n\n\n<p>Al\u00e9m da simplifica\u00e7\u00e3o do sistema, o governo defende tamb\u00e9m a cria\u00e7\u00e3o de um mecanismo que devolveria aos mais pobres o imposto cobrado sobre seu consumo, medida que contribuiria para reduzir a elevada desigualdade de renda no pa\u00eds.<\/p>\n\n\n\n<h2 class=\"wp-block-heading\"><strong>Cashback aos mais pobres<\/strong><\/h2>\n\n\n\n<p>A ideia \u00e9 que essa devolu\u00e7\u00e3o, divulgada como \u201ccashback tribut\u00e1rio\u201d, substitua desonera\u00e7\u00f5es que hoje beneficiam toda a popula\u00e7\u00e3o, sem distin\u00e7\u00e3o entre ricos e pobres, como o caso da cesta b\u00e1sica.<\/p>\n\n\n\n<p>A proposta implicaria que o novo imposto tenha uma al\u00edquota um pouco maior para os segmentos de renda m\u00e9dia e alta, mas o governo argumenta que o impacto geral da reforma continuaria beneficiando todos os grupos sociais devido aos ganhos de crescimento econ\u00f4mico (entenda melhor ao longo da reportagem).<\/p>\n\n\n\n<p>&#8220;Significa que os mais ricos v\u00e3o ser prejudicados? N\u00e3o, eles ser\u00e3o menos beneficiados do que os mais pobres&#8221;, disse o secret\u00e1rio da Reforma Tribut\u00e1ria do Minist\u00e9rio da Fazenda, Bernard Appy, em fevereiro, durante evento do banco BTG, ao defender a devolu\u00e7\u00e3o de impostos.<\/p>\n\n\n\n<p>Segundo a especialista em quest\u00f5es tribut\u00e1rias e diretora de cursos na York University, no Canad\u00e1,&nbsp; Melina Rocha, hoje h\u00e1 um consenso de que esse modelo \u2013 que substitui a desonera\u00e7\u00e3o de produtos como cesta b\u00e1sica por desonera\u00e7\u00e3o de pessoas \u2013 \u00e9 mais justo.<\/p>\n\n\n\n<p>&#8220;H\u00e1 um duplo benef\u00edcio: n\u00e3o s\u00f3 o pobre deixa de pagar o imposto sobre produtos essenciais, porque esse imposto vai ser devolvido, mas tamb\u00e9m a fam\u00edlia mais pobre vai ser beneficiada porque o governo est\u00e1 arrecadando mais riqueza de quem tem mais capacidade para pagar tributo e vai aplicar esse dinheiro para pol\u00edticas p\u00fablicas que geralmente se revertem para os mais pobres&#8221;, ressalta.<\/p>\n\n\n\n<h2 class=\"wp-block-heading\"><strong>RS passou a devolver&nbsp;<a href=\"https:\/\/www.contabeis.com.br\/tributario\/icms\/\">ICMS<\/a>&nbsp;em 2021<\/strong><\/h2>\n\n\n\n<p>Segundo estudiosos do assunto, adotar a devolu\u00e7\u00e3o para os mais pobres n\u00e3o seria algo complexo, pois o pa\u00eds j\u00e1 conta com um sistema de cobran\u00e7a de impostos bem informatizado e com um amplo cadastro nacional de fam\u00edlias de menor renda, o Cadastro \u00danico (Cad\u00danico), que serve de refer\u00eancia para programas sociais, como o Bolsa Fam\u00edlia.<\/p>\n\n\n\n<p>Uma iniciativa pioneira que devolve parte do ICMS \u00e0s fam\u00edlias mais pobres foi adotada pelo Rio Grande do Sul em 2021 e tem servido de inspira\u00e7\u00e3o para a proposta nacional.<\/p>\n\n\n\n<p>O Minist\u00e9rio da Fazenda estuda tamb\u00e9m experi\u00eancias internacionais, como a devolu\u00e7\u00e3o de impostos adotada no Uruguai, na Col\u00f4mbia e no Canad\u00e1.<\/p>\n\n\n\n<p>No caso do Rio Grande do Sul, o Devolve ICMS j\u00e1 distribuiu R$ 278 milh\u00f5es desde seu in\u00edcio e hoje atende cerca de 600 mil fam\u00edlias ga\u00fachas inscritas no Cad\u00danico ou que tenham um dependente na rede estadual de ensino m\u00e9dio.<\/p>\n\n\n\n<p>Essas fam\u00edlias, que devem ter renda total de at\u00e9 tr\u00eas sal\u00e1rios m\u00ednimos ou renda m\u00e9dia por pessoa inferior a meio sal\u00e1rio m\u00ednimo, recebem trimestralmente por meio de um cart\u00e3o o valor fixo de R$ 100, como devolu\u00e7\u00e3o do imposto. H\u00e1 tamb\u00e9m uma parcela vari\u00e1vel paga \u00e0quelas que solicitam inclus\u00e3o do CPF na&nbsp;<a href=\"https:\/\/www.contabeis.com.br\/tributario\/nota-fiscal\/\">nota fiscal,<\/a>&nbsp;a depender do valor consumido. No \u00faltimo trimestre, essa parcela extra foi de cerca de R$ 28 em m\u00e9dia por fam\u00edlia.<\/p>\n\n\n\n<p>&#8220;A grande virtude do programa [do Rio Grande do Sul] \u00e9 mostrar que a devolu\u00e7\u00e3o \u00e9 fact\u00edvel. Vejo ainda muitos questionamentos dizendo que seria dif\u00edcil devolver impostos, mas temos instrumentos e tecnologia suficiente para fazer isso no Brasil&#8221;, disse \u00e0 reportagem Giovani Padilha, auditor Fiscal da Receita ga\u00facha e autor da tese de doutorado que gerou a cria\u00e7\u00e3o do Devolve ICMS.<\/p>\n\n\n\n<h2 class=\"wp-block-heading\"><strong>Como a devolu\u00e7\u00e3o em cashback est\u00e1 prevista na reforma?<\/strong><\/h2>\n\n\n\n<p>O principal objetivo da reforma tribut\u00e1ria \u00e9 simplificar o sistema. H\u00e1 duas alternativas principais j\u00e1 em an\u00e1lise no Congresso, ambas propostas de emenda constitucional (PEC).<\/p>\n\n\n\n<p>A PEC 45 prev\u00ea unificar cinco tributos (IPI,&nbsp;<a href=\"https:\/\/www.contabeis.com.br\/tributario\/pis\/\">PIS,<\/a>&nbsp;<a href=\"https:\/\/www.contabeis.com.br\/tributario\/cofins\/\">Cofins,<\/a>&nbsp;ICMS e ISS) no Imposto sobre Bens e Servi\u00e7os (IBS), que funcionaria como um Imposto sobre Valor Agregado (IVA), comum em pa\u00edses desenvolvidos. Esse modelo evita o ac\u00famulo de tributos ao longo da cadeia produtiva.<\/p>\n\n\n\n<p>J\u00e1 a PEC 110 previa originalmente unificar nove impostos, mas sua \u00faltima vers\u00e3o \u00e9 mais modesta. Ela sugere um IVA duplo: o IBS substituiria apenas o ICMS (impostos estadual) e o ISS (impostos municipal). J\u00e1 a Contribui\u00e7\u00e3o sobre Bens e Servi\u00e7os&nbsp;<a href=\"https:\/\/www.contabeis.com.br\/tributario\/cbs\/\">(CBS)<\/a>&nbsp;unificaria Cofins e PIS (impostos federais).<\/p>\n\n\n\n<p>As duas PECs j\u00e1 preveem a possibilidade de adotar a devolu\u00e7\u00e3o de parte dos impostos aos mais pobres. A PEC 110 prev\u00ea que o retorno do tributo ser\u00e1 criado por meio de uma lei complementar. J\u00e1 a PEC 45 estabelece que o IBS ter\u00e1 um adicional em sua al\u00edquota para custear esse programa.<\/p>\n\n\n\n<p>Uma simula\u00e7\u00e3o feita por professores da Universidade Federal de Minas Gerais (UFMG) para estimar o impacto da devolu\u00e7\u00e3o de impostos aos mais pobres, por exemplo, estipulou que a al\u00edquota b\u00e1sica do IBS seria de 24,19% num cen\u00e1rio sem devolu\u00e7\u00e3o. Esse seria o patamar necess\u00e1rio para manter a mesma arrecada\u00e7\u00e3o dos cinco impostos que seriam unificados.<\/p>\n\n\n\n<p>J\u00e1 no cen\u00e1rio com devolu\u00e7\u00e3o haveria uma al\u00edquota um pouco maior, que foi fixada em 24,55% na simula\u00e7\u00e3o (saiba mais ao longo da reportagem).<\/p>\n\n\n\n<p>Os autores da simula\u00e7\u00e3o \u2014 que n\u00e3o corresponde necessariamente ao que ser\u00e1 aprovado no Congresso \u2014 s\u00e3o os economistas Edson Domingues e D\u00e9bora Freire, que hoje est\u00e1 na equipe do Minist\u00e9rio da Fazenda como subsecret\u00e1ria de pol\u00edtica fiscal.<\/p>\n\n\n\n<p>O governo n\u00e3o enviar\u00e1 ao Parlamento uma nova proposta de reforma tribut\u00e1ria. O objetivo \u00e9 coordenar as negocia\u00e7\u00f5es em cima dessas duas PECs j\u00e1 em tramita\u00e7\u00e3o para chegar a um desenho final que tenha apoio para ser aprovado.<\/p>\n\n\n\n<p>A previs\u00e3o atual do grupo de trabalho criado na C\u00e2mara para analisar o tema \u00e9 que a reforma esteja pronta para ser votada em plen\u00e1rio em maio.<\/p>\n\n\n\n<h2 class=\"wp-block-heading\"><strong>Qual seria o impacto no bolso dos brasileiros?<\/strong><\/h2>\n\n\n\n<p>Especialistas dizem que apenas a unifica\u00e7\u00e3o de impostos, sem a devolu\u00e7\u00e3o aos mais pobres, j\u00e1 teria o impacto de beneficiar os grupos de menor renda.<\/p>\n\n\n\n<p>De modo geral, a forma como a produ\u00e7\u00e3o e o consumo s\u00e3o tributados hoje implica numa carga maior sobre as fam\u00edlias mais pobres.<\/p>\n\n\n\n<p>Isso porque atualmente o consumo de bens tem carga tribut\u00e1ria maior que o de servi\u00e7os. E os brasileiros de menor renda concentram seu consumo mais em itens b\u00e1sicos, enquanto aqueles com mais dinheiro conseguem consumir mais servi\u00e7os, como jantar em um restaurante ou ir a um show pago.<\/p>\n\n\n\n<p>A simplifica\u00e7\u00e3o do sistema tribut\u00e1rio com a unifica\u00e7\u00e3o de impostos deve reduzir esse problema, porque, de modo geral, tende a reduzir a carga tribut\u00e1ria sobre a produ\u00e7\u00e3o de bens pela ind\u00fastria e elevar a que incide sobre o setor de servi\u00e7os.<\/p>\n\n\n\n<p>Mas o impacto na redu\u00e7\u00e3o da desigualdade ser\u00e1 bem maior caso haja a devolu\u00e7\u00e3o de impostos.<\/p>\n\n\n\n<p>E o impacto para cada grupo de renda vai depender do que de fato for aprovado e implementado: por exemplo, qual ser\u00e1 a al\u00edquota do novo imposto, quanto vai ser devolvido, e quais fam\u00edlias ter\u00e3o direito.<\/p>\n\n\n\n<p><em>Com informa\u00e7\u00f5es BBC News e g1<\/em><\/p>\n","protected":false},"excerpt":{"rendered":"<p>Reforma Tribut\u00e1ria: com a devolu\u00e7\u00e3o de impostos, saiba quem pode ser beneficiado e quem pagaria mais A reforma que o governo deseja aprovar no Congresso neste ano busca simplificar o sistema tribut\u00e1rio, unificando diversos tributos que hoje s\u00e3o cobrados sobre a produ\u00e7\u00e3o e a comercializa\u00e7\u00e3o de produtos e servi\u00e7os. A proposta, que pode aumentar a [&hellip;]<\/p>\n","protected":false},"author":2,"featured_media":2609,"comment_status":"open","ping_status":"open","sticky":false,"template":"","format":"standard","meta":{"footnotes":""},"categories":[1],"tags":[],"class_list":["post-2608","post","type-post","status-publish","format-standard","has-post-thumbnail","hentry","category-uncategorized"],"_links":{"self":[{"href":"https:\/\/interaudit.com.br\/index.php\/wp-json\/wp\/v2\/posts\/2608","targetHints":{"allow":["GET"]}}],"collection":[{"href":"https:\/\/interaudit.com.br\/index.php\/wp-json\/wp\/v2\/posts"}],"about":[{"href":"https:\/\/interaudit.com.br\/index.php\/wp-json\/wp\/v2\/types\/post"}],"author":[{"embeddable":true,"href":"https:\/\/interaudit.com.br\/index.php\/wp-json\/wp\/v2\/users\/2"}],"replies":[{"embeddable":true,"href":"https:\/\/interaudit.com.br\/index.php\/wp-json\/wp\/v2\/comments?post=2608"}],"version-history":[{"count":1,"href":"https:\/\/interaudit.com.br\/index.php\/wp-json\/wp\/v2\/posts\/2608\/revisions"}],"predecessor-version":[{"id":2610,"href":"https:\/\/interaudit.com.br\/index.php\/wp-json\/wp\/v2\/posts\/2608\/revisions\/2610"}],"wp:featuredmedia":[{"embeddable":true,"href":"https:\/\/interaudit.com.br\/index.php\/wp-json\/wp\/v2\/media\/2609"}],"wp:attachment":[{"href":"https:\/\/interaudit.com.br\/index.php\/wp-json\/wp\/v2\/media?parent=2608"}],"wp:term":[{"taxonomy":"category","embeddable":true,"href":"https:\/\/interaudit.com.br\/index.php\/wp-json\/wp\/v2\/categories?post=2608"},{"taxonomy":"post_tag","embeddable":true,"href":"https:\/\/interaudit.com.br\/index.php\/wp-json\/wp\/v2\/tags?post=2608"}],"curies":[{"name":"wp","href":"https:\/\/api.w.org\/{rel}","templated":true}]}}