{"id":2584,"date":"2023-01-31T12:18:44","date_gmt":"2023-01-31T12:18:44","guid":{"rendered":"https:\/\/interaudit.com.br\/?p=2584"},"modified":"2023-01-31T12:18:46","modified_gmt":"2023-01-31T12:18:46","slug":"simples-nacional-prazo-para-adesao-acaba-nesta-terca-feira-31","status":"publish","type":"post","link":"https:\/\/interaudit.com.br\/index.php\/2023\/01\/31\/simples-nacional-prazo-para-adesao-acaba-nesta-terca-feira-31\/","title":{"rendered":"Simples Nacional: prazo para ades\u00e3o acaba nesta ter\u00e7a-feira (31)"},"content":{"rendered":"\n<p>Empres\u00e1rios que perderem o prazo para ades\u00e3o ao Simples Nacional neste ano ter\u00e3o que aguardar at\u00e9 2024 para fazer a nova solicita\u00e7\u00e3o.<\/p>\n\n\n\n<p>As micro e pequenas empresas que queiram aderir ao regime tribut\u00e1rio do&nbsp;<a href=\"https:\/\/www.contabeis.com.br\/tributario\/simples-nacional\/\">Simples Nacional<\/a>&nbsp;t\u00eam at\u00e9 esta ter\u00e7a-feira (31) para realizar o procedimento.<\/p>\n\n\n\n<p>A Receita Federal esclarece que, se a solicita\u00e7\u00e3o for aceita, o Simples Nacional passar\u00e1 a valer de forma retroativa para as empresas que j\u00e1 est\u00e3o em atividade, valendo a partir do dia 1\u00ba de janeiro.<\/p>\n\n\n\n<p>Empresas que estejam come\u00e7ando suas atividades, o prazo para pedido \u00e9 de 30 dias do \u00faltimo deferimento de inscri\u00e7\u00e3o municipal ou estadual, desde que n\u00e3o seja ultrapassado o per\u00edodo de 60 dias de data de abertura do&nbsp;<a href=\"https:\/\/www.contabeis.com.br\/tributario\/cnpj\/\">CNPJ.<\/a><\/p>\n\n\n\n<p>Empres\u00e1rios que perderem o prazo s\u00f3 poder\u00e3o solicitar ades\u00e3o ao Simples Nacional em janeiro de 2024.<\/p>\n\n\n\n<p>O resultado dos pedidos de ades\u00e3o deste ano ser\u00e3o divulgados no dia 15 de fevereiro.<\/p>\n\n\n\n<h2 class=\"wp-block-heading\"><strong>Quem poder\u00e1 aderir ao Simples Nacional<\/strong><\/h2>\n\n\n\n<p>Fique por dentro das regras e saiba quem pode solicitar a ades\u00e3o ao Simples Nacional:<\/p>\n\n\n\n<ul class=\"wp-block-list\">\n<li>Empresas com faturamento de at\u00e9 R$ 4,8 milh\u00f5es por ano;<\/li>\n\n\n\n<li>Microempreendedor Individual&nbsp;<a href=\"https:\/\/www.contabeis.com.br\/tributario\/mei\/\">(MEI)<\/a>&nbsp;(regulamentado pela Lei Geral);<\/li>\n\n\n\n<li>Empresas que n\u00e3o possuem d\u00e9bitos com o Instituto Nacional de Seguridade Social&nbsp;<a href=\"https:\/\/www.contabeis.com.br\/previdencia\/inss\/\">(INSS)<\/a>&nbsp;;<\/li>\n\n\n\n<li>Empresas regulares nos cadastros fiscais.<\/li>\n<\/ul>\n\n\n\n<p>Atualmente, \u00e9 considerada uma micro empresa aquela que tem um faturamento de no m\u00e1ximo R$ 360 mil. A pequena empresa, entretanto, deve faturar anualmente no m\u00e1ximo R$ 4,8 milh\u00f5es. Assim, quem pode aderir ao regime s\u00e3o as Microempresas e Empresas de Pequeno Porte<\/p>\n\n\n\n<p>Outra regra do Simples Nacional quanto a sua ades\u00e3o \u00e9 em rela\u00e7\u00e3o a Classifica\u00e7\u00e3o Nacional de Atividades Econ\u00f4micas&nbsp;<a href=\"https:\/\/www.contabeis.com.br\/empresarial\/cnae\/\">(CNAE)<\/a>&nbsp;. Ou seja, alguns CNAEs podem aderir ao Simples e outros n\u00e3o.<\/p>\n\n\n\n<p>Consulte&nbsp;<a href=\"https:\/\/www.contabeis.com.br\/ferramentas\/simples-nacional\/\">aqui<\/a>&nbsp;quais CNAEs s\u00e3o permitidos no Simples Nacional.<\/p>\n\n\n\n<p>As empresas n\u00e3o podem:<\/p>\n\n\n\n<ul class=\"wp-block-list\">\n<li>Exercer atividades com servi\u00e7os financeiros;<\/li>\n\n\n\n<li>Ter s\u00f3cios no exterior;<\/li>\n\n\n\n<li>Possuir capital em \u00f3rg\u00e3os p\u00fablicos;<\/li>\n\n\n\n<li>Ser constitu\u00edda sob sociedade de a\u00e7\u00f5es;<\/li>\n\n\n\n<li>Ser cooperativa;<\/li>\n\n\n\n<li>Ter filial ou sucursal no exterior.<\/li>\n<\/ul>\n\n\n\n<h3 class=\"wp-block-heading\"><strong>Como aderir ao Simples Nacional<\/strong><\/h3>\n\n\n\n<p>Para aderir ao regime tribut\u00e1rio do Simples Nacional, basta, acessar o&nbsp;<a href=\"http:\/\/www8.receita.fazenda.gov.br\/SimplesNacional\/\" target=\"_blank\" rel=\"noreferrer noopener\">Portal do Simples Nacional<\/a>&nbsp;e seguir os seguintes passos:<\/p>\n\n\n\n<ul class=\"wp-block-list\">\n<li>Na parte superior, clique em Simples &#8211; Servi\u00e7os;<\/li>\n\n\n\n<li>Clique em Op\u00e7\u00e3o;<\/li>\n\n\n\n<li>E Solicita\u00e7\u00e3o de Op\u00e7\u00e3o pelo Simples Nacional.<\/li>\n<\/ul>\n\n\n\n<p>Leia mais:<\/p>\n\n\n\n<p><a href=\"https:\/\/www.contabeis.com.br\/noticias\/54453\/simples-nacional-prazo-para-adesao-pode-ser-prorrogado\/\"><strong>Simples Nacional: CFC, FENACON e Ibracon solicitam prorroga\u00e7\u00e3o do prazo de ades\u00e3o<\/strong><\/a><\/p>\n","protected":false},"excerpt":{"rendered":"<p>Empres\u00e1rios que perderem o prazo para ades\u00e3o ao Simples Nacional neste ano ter\u00e3o que aguardar at\u00e9 2024 para fazer a nova solicita\u00e7\u00e3o. As micro e pequenas empresas que queiram aderir ao regime tribut\u00e1rio do&nbsp;Simples Nacional&nbsp;t\u00eam at\u00e9 esta ter\u00e7a-feira (31) para realizar o procedimento. A Receita Federal esclarece que, se a solicita\u00e7\u00e3o for aceita, o Simples [&hellip;]<\/p>\n","protected":false},"author":2,"featured_media":2585,"comment_status":"open","ping_status":"open","sticky":false,"template":"","format":"standard","meta":{"footnotes":""},"categories":[1],"tags":[],"class_list":["post-2584","post","type-post","status-publish","format-standard","has-post-thumbnail","hentry","category-uncategorized"],"_links":{"self":[{"href":"https:\/\/interaudit.com.br\/index.php\/wp-json\/wp\/v2\/posts\/2584","targetHints":{"allow":["GET"]}}],"collection":[{"href":"https:\/\/interaudit.com.br\/index.php\/wp-json\/wp\/v2\/posts"}],"about":[{"href":"https:\/\/interaudit.com.br\/index.php\/wp-json\/wp\/v2\/types\/post"}],"author":[{"embeddable":true,"href":"https:\/\/interaudit.com.br\/index.php\/wp-json\/wp\/v2\/users\/2"}],"replies":[{"embeddable":true,"href":"https:\/\/interaudit.com.br\/index.php\/wp-json\/wp\/v2\/comments?post=2584"}],"version-history":[{"count":1,"href":"https:\/\/interaudit.com.br\/index.php\/wp-json\/wp\/v2\/posts\/2584\/revisions"}],"predecessor-version":[{"id":2586,"href":"https:\/\/interaudit.com.br\/index.php\/wp-json\/wp\/v2\/posts\/2584\/revisions\/2586"}],"wp:featuredmedia":[{"embeddable":true,"href":"https:\/\/interaudit.com.br\/index.php\/wp-json\/wp\/v2\/media\/2585"}],"wp:attachment":[{"href":"https:\/\/interaudit.com.br\/index.php\/wp-json\/wp\/v2\/media?parent=2584"}],"wp:term":[{"taxonomy":"category","embeddable":true,"href":"https:\/\/interaudit.com.br\/index.php\/wp-json\/wp\/v2\/categories?post=2584"},{"taxonomy":"post_tag","embeddable":true,"href":"https:\/\/interaudit.com.br\/index.php\/wp-json\/wp\/v2\/tags?post=2584"}],"curies":[{"name":"wp","href":"https:\/\/api.w.org\/{rel}","templated":true}]}}