{"id":2510,"date":"2022-09-30T12:45:32","date_gmt":"2022-09-30T12:45:32","guid":{"rendered":"https:\/\/interaudit.com.br\/?p=2510"},"modified":"2022-09-30T12:45:34","modified_gmt":"2022-09-30T12:45:34","slug":"juros-taxa-media-tem-leve-queda-em-agosto-mas-continua-tendencia-de-alta","status":"publish","type":"post","link":"https:\/\/interaudit.com.br\/index.php\/2022\/09\/30\/juros-taxa-media-tem-leve-queda-em-agosto-mas-continua-tendencia-de-alta\/","title":{"rendered":"Juros: taxa m\u00e9dia tem leve queda em agosto, mas continua tend\u00eancia de alta"},"content":{"rendered":"\n<p>A taxa alcan\u00e7ou 28,7% ao ano no m\u00eas passado, uma redu\u00e7\u00e3o de 0,7 ponto percentual em compara\u00e7\u00e3o ao m\u00eas anterior, mas com alta de 7,6 pontos percentuais em 12 meses.<\/p>\n\n\n\n<p>Em agosto deste ano, a taxa m\u00e9dia de&nbsp;<a href=\"https:\/\/www.contabeis.com.br\/economia\/juros\/\">juros<\/a>&nbsp;das concess\u00f5es de cr\u00e9dito livre e direcionado teve leve queda, mas mant\u00e9m a tend\u00eancia de alta em 12 meses, segundo as Estat\u00edsticas Monet\u00e1rias e de Cr\u00e9dito divulgadas nesta quarta-feira (28) pelo Banco Central (BC).<\/p>\n\n\n\n<p>A taxa alcan\u00e7ou 28,7% ao ano em agosto, redu\u00e7\u00e3o de 0,7 ponto percentual no m\u00eas e alta de 7,6 pontos percentuais em 12 meses.<\/p>\n\n\n\n<p>A alta dos&nbsp;<a href=\"https:\/\/www.contabeis.com.br\/economia\/juros\/\">juros<\/a>&nbsp;banc\u00e1rios m\u00e9dios ocorre em um momento em que a taxa b\u00e1sica de&nbsp;<a href=\"https:\/\/www.contabeis.com.br\/economia\/juros\/\">juros<\/a>&nbsp;da economia, a&nbsp;<a href=\"https:\/\/www.contabeis.com.br\/economia\/selic\/\">Selic,<\/a>&nbsp;est\u00e1 em seu maior n\u00edvel desde janeiro de 2017, em 13,75% ao ano.<\/p>\n\n\n\n<p>Na \u00faltima reuni\u00e3o do Comit\u00ea de Pol\u00edtica Monet\u00e1ria (Copom), a&nbsp;<a href=\"https:\/\/www.contabeis.com.br\/economia\/selic\/\">Selic<\/a>&nbsp;foi mantida nesse patamar, ap\u00f3s 12 eleva\u00e7\u00f5es consecutivas, em um ciclo de aperto monet\u00e1rio que come\u00e7ou em meio \u00e0 alta dos pre\u00e7os de alimentos, de energia e de combust\u00edveis. A&nbsp;<a href=\"https:\/\/www.contabeis.com.br\/economia\/selic\/\">Selic<\/a>&nbsp;\u00e9 o principal instrumento usado pelo BC para alcan\u00e7ar a meta de infla\u00e7\u00e3o.<\/p>\n\n\n\n<p>Em ata divulgada na ter\u00e7a-feira (27), o Copom avaliou que \u201co repasse da&nbsp;<a href=\"https:\/\/www.contabeis.com.br\/economia\/selic\/\">Selic<\/a>&nbsp;para as taxas finais de diferentes modalidades de cr\u00e9dito tem ocorrido conforme esperado, ainda que as concess\u00f5es de cr\u00e9dito para pessoa jur\u00eddica sigam mais robustas que o esperado\u201d.<\/p>\n\n\n\n<p>A eleva\u00e7\u00e3o da taxa b\u00e1sica ajuda a controlar a infla\u00e7\u00e3o porque causa reflexos nos pre\u00e7os, j\u00e1 que&nbsp;<a href=\"https:\/\/www.contabeis.com.br\/economia\/juros\/\">juros<\/a>&nbsp;mais altos encarecem o cr\u00e9dito e estimulam a poupan\u00e7a, contendo a demanda aquecida.<\/p>\n\n\n\n<p>No cr\u00e9dito livre para as fam\u00edlias, a taxa m\u00e9dia de&nbsp;<a href=\"https:\/\/www.contabeis.com.br\/economia\/juros\/\">juros<\/a>&nbsp;chegou a 53,9% ao ano, com aumento de 0,5 ponto percentual em rela\u00e7\u00e3o a julho e de 13,4 pontos percentuais em 12 meses. Nas contrata\u00e7\u00f5es com empresas, a taxa livre caiu 0,6 ponto percentual no m\u00eas e cresceu 6,6 pontos percentuais em 12 meses, alcan\u00e7ando 22,8% ao ano.<\/p>\n\n\n\n<p>Para pessoas f\u00edsicas, o destaque foi o cart\u00e3o de cr\u00e9dito, com alta de 2,1 pontos percentuais no m\u00eas e 25,5 pontos percentuais em 12 meses, alcan\u00e7ando 87,3% ao ano.&nbsp;<\/p>\n\n\n\n<p>No cr\u00e9dito rotativo, que \u00e9 aquele tomado pelo consumidor quando paga menos que o valor integral da fatura do cart\u00e3o e dura 30 dias, houve aumento de 3,5 pontos percentuais no m\u00eas e 62,9 pontos percentuais em 12 meses, para 398,4% ao ano.&nbsp;<\/p>\n\n\n\n<p>Ap\u00f3s os 30 dias, as institui\u00e7\u00f5es financeiras parcelam a d\u00edvida. Nesse caso do cart\u00e3o parcelado, os&nbsp;<a href=\"https:\/\/www.contabeis.com.br\/economia\/juros\/\">juros<\/a>&nbsp;subiram 4,2 pontos percentuais no m\u00eas e 22,3 pontos percentuais em 12 meses, para 185,9% ao ano.<\/p>\n\n\n\n<p>Tamb\u00e9m influenciaram o aumento dos&nbsp;<a href=\"https:\/\/www.contabeis.com.br\/economia\/juros\/\">juros<\/a>&nbsp;para as fam\u00edlias as taxas do cheque especial, com alta de 1,2 ponto percentual no m\u00eas e 3,5 pontos percentuais em 12 meses (128,6% ao ano). Por outro lado, os&nbsp;<a href=\"https:\/\/www.contabeis.com.br\/economia\/juros\/\">juros<\/a>&nbsp;do cr\u00e9dito pessoal n\u00e3o consignado ca\u00edram 1,1 ponto percentual no m\u00eas de agosto e aumentaram 5,5 pontos percentuais em 12 meses (85,4% ao ano).<\/p>\n\n\n\n<p>No cr\u00e9dito livre \u00e0s empresas, houve queda de 1,5 ponto percentual no m\u00eas e alta de 5,8 pontos percentuais em 12 meses em capital de giro, chegando a 22% ao ano. J\u00e1 no cheque especial, os&nbsp;<a href=\"https:\/\/www.contabeis.com.br\/economia\/juros\/\">juros<\/a>&nbsp;subiram 3,6 pontos percentuais no m\u00eas e ca\u00edram 1,2 ponto percentual em 12 meses, indo para 325,4% ao ano.<\/p>\n\n\n\n<p>O financiamento a importa\u00e7\u00f5es caiu 2,3 pontos percentuais em agosto e subiu 1,7 ponto percentual em 12 meses, para 11,7% ao ano. Por fim, o cart\u00e3o de cr\u00e9dito teve recuo de 3,5 pontos percentuais nos&nbsp;<a href=\"https:\/\/www.contabeis.com.br\/economia\/juros\/\">juros<\/a>&nbsp;do m\u00eas e aumento de 14,1 pontos percentuais em 12 meses, para 39,7% ao ano.<\/p>\n\n\n\n<p><em>Com informa\u00e7\u00f5es Ag\u00eancia Brasil<\/em><\/p>\n","protected":false},"excerpt":{"rendered":"<p>A taxa alcan\u00e7ou 28,7% ao ano no m\u00eas passado, uma redu\u00e7\u00e3o de 0,7 ponto percentual em compara\u00e7\u00e3o ao m\u00eas anterior, mas com alta de 7,6 pontos percentuais em 12 meses. Em agosto deste ano, a taxa m\u00e9dia de&nbsp;juros&nbsp;das concess\u00f5es de cr\u00e9dito livre e direcionado teve leve queda, mas mant\u00e9m a tend\u00eancia de alta em 12 [&hellip;]<\/p>\n","protected":false},"author":2,"featured_media":2511,"comment_status":"open","ping_status":"open","sticky":false,"template":"","format":"standard","meta":{"footnotes":""},"categories":[1],"tags":[],"class_list":["post-2510","post","type-post","status-publish","format-standard","has-post-thumbnail","hentry","category-uncategorized"],"_links":{"self":[{"href":"https:\/\/interaudit.com.br\/index.php\/wp-json\/wp\/v2\/posts\/2510","targetHints":{"allow":["GET"]}}],"collection":[{"href":"https:\/\/interaudit.com.br\/index.php\/wp-json\/wp\/v2\/posts"}],"about":[{"href":"https:\/\/interaudit.com.br\/index.php\/wp-json\/wp\/v2\/types\/post"}],"author":[{"embeddable":true,"href":"https:\/\/interaudit.com.br\/index.php\/wp-json\/wp\/v2\/users\/2"}],"replies":[{"embeddable":true,"href":"https:\/\/interaudit.com.br\/index.php\/wp-json\/wp\/v2\/comments?post=2510"}],"version-history":[{"count":1,"href":"https:\/\/interaudit.com.br\/index.php\/wp-json\/wp\/v2\/posts\/2510\/revisions"}],"predecessor-version":[{"id":2512,"href":"https:\/\/interaudit.com.br\/index.php\/wp-json\/wp\/v2\/posts\/2510\/revisions\/2512"}],"wp:featuredmedia":[{"embeddable":true,"href":"https:\/\/interaudit.com.br\/index.php\/wp-json\/wp\/v2\/media\/2511"}],"wp:attachment":[{"href":"https:\/\/interaudit.com.br\/index.php\/wp-json\/wp\/v2\/media?parent=2510"}],"wp:term":[{"taxonomy":"category","embeddable":true,"href":"https:\/\/interaudit.com.br\/index.php\/wp-json\/wp\/v2\/categories?post=2510"},{"taxonomy":"post_tag","embeddable":true,"href":"https:\/\/interaudit.com.br\/index.php\/wp-json\/wp\/v2\/tags?post=2510"}],"curies":[{"name":"wp","href":"https:\/\/api.w.org\/{rel}","templated":true}]}}