{"id":2483,"date":"2022-09-15T19:57:21","date_gmt":"2022-09-15T19:57:21","guid":{"rendered":"https:\/\/interaudit.com.br\/?p=2483"},"modified":"2022-09-15T19:57:23","modified_gmt":"2022-09-15T19:57:23","slug":"stf-compartilhamento-de-dados-entre-orgaos-publico-volta-a-ser-julgado","status":"publish","type":"post","link":"https:\/\/interaudit.com.br\/index.php\/2022\/09\/15\/stf-compartilhamento-de-dados-entre-orgaos-publico-volta-a-ser-julgado\/","title":{"rendered":"STF: compartilhamento de dados entre \u00f3rg\u00e3os p\u00fablico volta a ser julgado"},"content":{"rendered":"\n<p>O in\u00edcio do julgamento se deu em 1\u00ba de setembro.<\/p>\n\n\n\n<p>O Supremo Tribunal Federal (STF) retomou na \u00faltima quarta-feira (14) o julgamento de duas a\u00e7\u00f5es que contestam o Decreto 10.046\/2019, norma que criou mecanismos de compartilhamento de dados dos cidad\u00e3os entre \u00f3rg\u00e3os da administra\u00e7\u00e3o p\u00fablica federal.<\/p>\n\n\n\n<p>As a\u00e7\u00f5es foram protocoladas pela Ordem dos Advogados do Brasil (OAB) e o PSB, que contestam a legalidade do Cadastro Base do Cidad\u00e3o e do Comit\u00ea Central de Governan\u00e7a de Dados. O julgamento iniciou em 1\u00ba de setembro.<\/p>\n\n\n\n<p>As entidades alegam que o compartilhamento de dados&nbsp; acaba violando a privacidade da popula\u00e7\u00e3o e traz riscos de uso indevido, como envio de dados \u00e0 Ag\u00eancia Brasileira de Intelig\u00eancia (Abin) e vazamento de informa\u00e7\u00f5es.<\/p>\n\n\n\n<p>O primeiro ministro a votar sobre a quest\u00e3o, Gilmar Mendes, entendeu que os dados podem ser compartilhados pela administra\u00e7\u00e3o p\u00fablica, mas com ressalvas, como seguir as regras estabelecidas na Lei Geral de Prote\u00e7\u00e3o de Dados&nbsp;<a href=\"https:\/\/www.contabeis.com.br\/tecnologia\/lgpd\/\">(LGPD)<\/a>&nbsp;.<\/p>\n\n\n\n<p>No caso de divulga\u00e7\u00e3o de dados sigilosos, o ato ainda poder\u00e1 ser punido como improbidade administrativa.<\/p>\n\n\n\n<p>Em seguida, os ministros Andr\u00e9 Mendon\u00e7a e Nunes Marques acompanharam o relator parcialmente, mas divergiam no prazo para implementa\u00e7\u00e3o do entendimento do STF, que seria at\u00e9 31 de dezembro deste ano, e n\u00e3o em 60 dias, como defendeu Mendes.<\/p>\n\n\n\n<p>Ap\u00f3s as manifesta\u00e7\u00f5es, o julgamento foi suspenso e ser\u00e1 retomado ainda hoje (15).<\/p>\n\n\n\n<p>Ap\u00f3s a entrada em vigor da&nbsp;<a href=\"https:\/\/www.contabeis.com.br\/tecnologia\/lgpd\/\">LGPD,<\/a>&nbsp;o governo federal regulamentou o compartilhamento de dados entre os \u00f3rg\u00e3os da administra\u00e7\u00e3o p\u00fablica federal e criou o Cadastro Base do Cidad\u00e3o, por meio do Decreto 10.046, de 9 de outubro de 2019.<\/p>\n\n\n\n<p>Com o cadastro unificado, \u00f3rg\u00e3os do governo federal cruzam dados dispon\u00edveis na base de informa\u00e7\u00f5es para digitaliza\u00e7\u00e3o de servi\u00e7os p\u00fablicos, tais como:<\/p>\n\n\n\n<ul class=\"wp-block-list\"><li>Certifica\u00e7\u00e3o internacional de vacina\u00e7\u00e3o;<\/li><li>Registro de pescador amador;<\/li><li>Declara\u00e7\u00e3o de aptid\u00e3o para programas de agricultura familiar;<\/li><li>Solicita\u00e7\u00e3o de benef\u00edcios sociais<\/li><\/ul>\n\n\n\n<p>A base integrada cont\u00e9m dados gerais sobre os brasileiro como Cadastro de Pessoa F\u00edsica (CPF), nome, data de nascimento, sexo, filia\u00e7\u00e3o, nacionalidade e naturalidade.<\/p>\n\n\n\n<p><em>Com informa\u00e7\u00f5es da Ag\u00eancia Brasil<\/em><\/p>\n","protected":false},"excerpt":{"rendered":"<p>O in\u00edcio do julgamento se deu em 1\u00ba de setembro. O Supremo Tribunal Federal (STF) retomou na \u00faltima quarta-feira (14) o julgamento de duas a\u00e7\u00f5es que contestam o Decreto 10.046\/2019, norma que criou mecanismos de compartilhamento de dados dos cidad\u00e3os entre \u00f3rg\u00e3os da administra\u00e7\u00e3o p\u00fablica federal. As a\u00e7\u00f5es foram protocoladas pela Ordem dos Advogados do [&hellip;]<\/p>\n","protected":false},"author":2,"featured_media":2484,"comment_status":"open","ping_status":"open","sticky":false,"template":"","format":"standard","meta":{"footnotes":""},"categories":[1],"tags":[],"class_list":["post-2483","post","type-post","status-publish","format-standard","has-post-thumbnail","hentry","category-uncategorized"],"_links":{"self":[{"href":"https:\/\/interaudit.com.br\/index.php\/wp-json\/wp\/v2\/posts\/2483","targetHints":{"allow":["GET"]}}],"collection":[{"href":"https:\/\/interaudit.com.br\/index.php\/wp-json\/wp\/v2\/posts"}],"about":[{"href":"https:\/\/interaudit.com.br\/index.php\/wp-json\/wp\/v2\/types\/post"}],"author":[{"embeddable":true,"href":"https:\/\/interaudit.com.br\/index.php\/wp-json\/wp\/v2\/users\/2"}],"replies":[{"embeddable":true,"href":"https:\/\/interaudit.com.br\/index.php\/wp-json\/wp\/v2\/comments?post=2483"}],"version-history":[{"count":1,"href":"https:\/\/interaudit.com.br\/index.php\/wp-json\/wp\/v2\/posts\/2483\/revisions"}],"predecessor-version":[{"id":2485,"href":"https:\/\/interaudit.com.br\/index.php\/wp-json\/wp\/v2\/posts\/2483\/revisions\/2485"}],"wp:featuredmedia":[{"embeddable":true,"href":"https:\/\/interaudit.com.br\/index.php\/wp-json\/wp\/v2\/media\/2484"}],"wp:attachment":[{"href":"https:\/\/interaudit.com.br\/index.php\/wp-json\/wp\/v2\/media?parent=2483"}],"wp:term":[{"taxonomy":"category","embeddable":true,"href":"https:\/\/interaudit.com.br\/index.php\/wp-json\/wp\/v2\/categories?post=2483"},{"taxonomy":"post_tag","embeddable":true,"href":"https:\/\/interaudit.com.br\/index.php\/wp-json\/wp\/v2\/tags?post=2483"}],"curies":[{"name":"wp","href":"https:\/\/api.w.org\/{rel}","templated":true}]}}