{"id":2456,"date":"2022-09-09T16:38:25","date_gmt":"2022-09-09T16:38:25","guid":{"rendered":"https:\/\/interaudit.com.br\/?p=2456"},"modified":"2022-09-09T16:38:27","modified_gmt":"2022-09-09T16:38:27","slug":"paulo-guedes-defende-proposta-de-zerar-ipi-para-reindustrializar-o-brasil","status":"publish","type":"post","link":"https:\/\/interaudit.com.br\/index.php\/2022\/09\/09\/paulo-guedes-defende-proposta-de-zerar-ipi-para-reindustrializar-o-brasil\/","title":{"rendered":"Paulo Guedes defende proposta de zerar IPI para \u201creindustrializar\u201d o Brasil"},"content":{"rendered":"\n<p>Durante participa\u00e7\u00e3o em evento, o Ministro da Economia voltou a defender a redu\u00e7\u00e3o do Imposto de Produtos Industrializados (IPI).<\/p>\n\n\n\n<p>Nesta quinta-feira (8), o ministro da Economia, Paulo Guedes, voltou a defender a proposta de zerar o Imposto de Produtos Industrializados (IPI) para reindustrializar o pa\u00eds por meio do barateamento dos custos de energia e redu\u00e7\u00e3o da carga tribut\u00e1ria do setor industrial.&nbsp;<\/p>\n\n\n\n<p>A fala aconteceu durante evento na tarde de ontem (8), quando disse que o pa\u00eds passou por \u201ctr\u00eas d\u00e9cadas de desindustrializa\u00e7\u00e3o\u201d e agora a redu\u00e7\u00e3o do IPI pode ser a alavanca do crescimento.<\/p>\n\n\n\n<p>\u201cS\u00e3o anos de juro alto, falta de crescimento, impostos excessivos, encargos trabalhistas excessivos, Custo Brasil, impostos sobre insumos b\u00e1sicos\u2026 O IPI voc\u00ea nem come\u00e7ou a produzir e j\u00e1 est\u00e1 devendo\u201d, afirmou o ministro.<\/p>\n\n\n\n<p>O governo federal j\u00e1 ampliou para 35% a redu\u00e7\u00e3o do IPI para uma lista de artigos, mas segundo o ministro, ainda n\u00e3o \u00e9 suficiente e o objetivo \u00e9 zerar o imposto.<\/p>\n\n\n\n<p>O imposto incide sobre produtos industrializados e o valor pago por ele costuma ser repassado no pre\u00e7o final dos itens, encarecendo para o consumidor. Com al\u00edquotas diferentes, que variam de zero a 30%, alguns produtos podem chegar at\u00e9 300%.<\/p>\n\n\n\n<p>\u201cEstamos comprometidos com a pauta, abaixamos para 35%, vamos levar para zero e reindustrializar o Brasil. N\u00e3o quero c\u00e2mbio l\u00e1 embaixo, trazendo capital especulativo e tirando competitividade do Brasil\u201d, concluiu o Ministro.<\/p>\n","protected":false},"excerpt":{"rendered":"<p>Durante participa\u00e7\u00e3o em evento, o Ministro da Economia voltou a defender a redu\u00e7\u00e3o do Imposto de Produtos Industrializados (IPI). Nesta quinta-feira (8), o ministro da Economia, Paulo Guedes, voltou a defender a proposta de zerar o Imposto de Produtos Industrializados (IPI) para reindustrializar o pa\u00eds por meio do barateamento dos custos de energia e redu\u00e7\u00e3o [&hellip;]<\/p>\n","protected":false},"author":2,"featured_media":2457,"comment_status":"open","ping_status":"open","sticky":false,"template":"","format":"standard","meta":{"footnotes":""},"categories":[1],"tags":[],"class_list":["post-2456","post","type-post","status-publish","format-standard","has-post-thumbnail","hentry","category-uncategorized"],"_links":{"self":[{"href":"https:\/\/interaudit.com.br\/index.php\/wp-json\/wp\/v2\/posts\/2456","targetHints":{"allow":["GET"]}}],"collection":[{"href":"https:\/\/interaudit.com.br\/index.php\/wp-json\/wp\/v2\/posts"}],"about":[{"href":"https:\/\/interaudit.com.br\/index.php\/wp-json\/wp\/v2\/types\/post"}],"author":[{"embeddable":true,"href":"https:\/\/interaudit.com.br\/index.php\/wp-json\/wp\/v2\/users\/2"}],"replies":[{"embeddable":true,"href":"https:\/\/interaudit.com.br\/index.php\/wp-json\/wp\/v2\/comments?post=2456"}],"version-history":[{"count":1,"href":"https:\/\/interaudit.com.br\/index.php\/wp-json\/wp\/v2\/posts\/2456\/revisions"}],"predecessor-version":[{"id":2458,"href":"https:\/\/interaudit.com.br\/index.php\/wp-json\/wp\/v2\/posts\/2456\/revisions\/2458"}],"wp:featuredmedia":[{"embeddable":true,"href":"https:\/\/interaudit.com.br\/index.php\/wp-json\/wp\/v2\/media\/2457"}],"wp:attachment":[{"href":"https:\/\/interaudit.com.br\/index.php\/wp-json\/wp\/v2\/media?parent=2456"}],"wp:term":[{"taxonomy":"category","embeddable":true,"href":"https:\/\/interaudit.com.br\/index.php\/wp-json\/wp\/v2\/categories?post=2456"},{"taxonomy":"post_tag","embeddable":true,"href":"https:\/\/interaudit.com.br\/index.php\/wp-json\/wp\/v2\/tags?post=2456"}],"curies":[{"name":"wp","href":"https:\/\/api.w.org\/{rel}","templated":true}]}}