{"id":2414,"date":"2022-08-23T11:58:16","date_gmt":"2022-08-23T11:58:16","guid":{"rendered":"https:\/\/interaudit.com.br\/?p=2414"},"modified":"2022-08-23T11:58:18","modified_gmt":"2022-08-23T11:58:18","slug":"stf-autoriza-mais-tres-estados-a-compensar-perdas-de-arrecadacao-com-teto-do-icms","status":"publish","type":"post","link":"https:\/\/interaudit.com.br\/index.php\/2022\/08\/23\/stf-autoriza-mais-tres-estados-a-compensar-perdas-de-arrecadacao-com-teto-do-icms\/","title":{"rendered":"STF autoriza mais tr\u00eas estados a compensar perdas de arrecada\u00e7\u00e3o com teto do ICMS"},"content":{"rendered":"\n<p>Liminar concedida pela Justi\u00e7a atende a pedidos de Acre, Minas Gerais e Rio Grande do Norte.<\/p>\n\n\n\n<p>O Supremo Tribunal Federal (STF) concedeu mais uma liminar permitindo outros tr\u00eas estados a compensar as perdas de arrecada\u00e7\u00e3o causadas pela lei que estabelece um teto para as al\u00edquotas de Imposto sobre Circula\u00e7\u00e3o de Mercadorias e Servi\u00e7os&nbsp;<a href=\"https:\/\/www.contabeis.com.br\/tributario\/icms\/\">(ICMS)<\/a>&nbsp;sobre combust\u00edveis.<\/p>\n\n\n\n<p>A decis\u00e3o do ministro Gilmar Mendes, concedida na noite de sexta-feira (19), atende aos pedidos de Acre, Minas Gerais e Rio Grande do Norte.<\/p>\n\n\n\n<p>O Supremo, por decis\u00e3o do ministro Alexandre de Moraes, no fim de julho, j\u00e1 havia permitido que S\u00e3o Paulo e Piau\u00ed compensassem as perdas por meio de descontos nas parcelas das d\u00edvidas dos estados com a Uni\u00e3o. Alagoas e Maranh\u00e3o tamb\u00e9m obtiveram decis\u00f5es liminares no mesmo sentido.<\/p>\n\n\n\n<p>As tr\u00eas decis\u00f5es do ministro Gilmar Mendes permitem que os estados compensem as perdas de arrecada\u00e7\u00e3o a partir deste m\u00eas.<\/p>\n\n\n\n<p>Em junho deste ano, o presidente Jair Bolsonaro (PL) sancionou a lei complementar que estabeleceu um teto de 17% e 18% para combust\u00edveis, transporte, energia el\u00e9trica e comunica\u00e7\u00f5es.<\/p>\n\n\n\n<p>Um dos artigos da nova legisla\u00e7\u00e3o, mencionado na decis\u00e3o do ministro, prev\u00ea um gatilho para a compensa\u00e7\u00e3o, quando as perdas com arrecada\u00e7\u00e3o foram superiores a 5% \u2014em rela\u00e7\u00e3o ao ano anterior.&nbsp;<\/p>\n\n\n\n<p>Gilmar Mendes tamb\u00e9m determinou que a compensa\u00e7\u00e3o n\u00e3o deve considerar qualquer encargo morat\u00f3rio e pro\u00edbe a Uni\u00e3o de inscrever esses estados em cadastros de inadimplentes.<\/p>\n\n\n\n<p>A lei que estabeleceu o teto do&nbsp;<a href=\"https:\/\/www.contabeis.com.br\/tributario\/icms\/\">ICMS<\/a>&nbsp;para esses servi\u00e7os, que passaram a ser considerados essenciais, foi alvo de grande disputa entre governo e os estados desde a sua tramita\u00e7\u00e3o no Congresso.<\/p>\n\n\n\n<p>Al\u00e9m de a\u00e7\u00f5es judiciais, os estados pressionam para que o Congresso analise com rapidez vetos de Jair Bolsonaro a pontos da legisla\u00e7\u00e3o que afetaram repasses para a educa\u00e7\u00e3o.<\/p>\n\n\n\n<p>Na quinta-feira (18), representantes dos estados estiveram reunidos com o presidente do Senado e do Congresso, Rodrigo Pacheco (PSD-MG), para tratar do tema.<\/p>\n\n\n\n<p>Bolsonaro vetou artigos que determinavam que a Uni\u00e3o compensaria a perda de arrecada\u00e7\u00e3o para manter os gastos m\u00ednimos constitucionais em educa\u00e7\u00e3o e sa\u00fade. Os estados estimam que o veto vai retirar cerca de R$ 17 bilh\u00f5es das verbas estaduais para essas \u00e1reas apenas entre julho e dezembro deste ano.<\/p>\n\n\n\n<p>Fonte:&nbsp;<em>com informa\u00e7\u00f5es da Folha de S.Paulo<\/em><\/p>\n","protected":false},"excerpt":{"rendered":"<p>Liminar concedida pela Justi\u00e7a atende a pedidos de Acre, Minas Gerais e Rio Grande do Norte. O Supremo Tribunal Federal (STF) concedeu mais uma liminar permitindo outros tr\u00eas estados a compensar as perdas de arrecada\u00e7\u00e3o causadas pela lei que estabelece um teto para as al\u00edquotas de Imposto sobre Circula\u00e7\u00e3o de Mercadorias e Servi\u00e7os&nbsp;(ICMS)&nbsp;sobre combust\u00edveis. A [&hellip;]<\/p>\n","protected":false},"author":2,"featured_media":2415,"comment_status":"open","ping_status":"open","sticky":false,"template":"","format":"standard","meta":{"footnotes":""},"categories":[1],"tags":[],"class_list":["post-2414","post","type-post","status-publish","format-standard","has-post-thumbnail","hentry","category-uncategorized"],"_links":{"self":[{"href":"https:\/\/interaudit.com.br\/index.php\/wp-json\/wp\/v2\/posts\/2414","targetHints":{"allow":["GET"]}}],"collection":[{"href":"https:\/\/interaudit.com.br\/index.php\/wp-json\/wp\/v2\/posts"}],"about":[{"href":"https:\/\/interaudit.com.br\/index.php\/wp-json\/wp\/v2\/types\/post"}],"author":[{"embeddable":true,"href":"https:\/\/interaudit.com.br\/index.php\/wp-json\/wp\/v2\/users\/2"}],"replies":[{"embeddable":true,"href":"https:\/\/interaudit.com.br\/index.php\/wp-json\/wp\/v2\/comments?post=2414"}],"version-history":[{"count":1,"href":"https:\/\/interaudit.com.br\/index.php\/wp-json\/wp\/v2\/posts\/2414\/revisions"}],"predecessor-version":[{"id":2416,"href":"https:\/\/interaudit.com.br\/index.php\/wp-json\/wp\/v2\/posts\/2414\/revisions\/2416"}],"wp:featuredmedia":[{"embeddable":true,"href":"https:\/\/interaudit.com.br\/index.php\/wp-json\/wp\/v2\/media\/2415"}],"wp:attachment":[{"href":"https:\/\/interaudit.com.br\/index.php\/wp-json\/wp\/v2\/media?parent=2414"}],"wp:term":[{"taxonomy":"category","embeddable":true,"href":"https:\/\/interaudit.com.br\/index.php\/wp-json\/wp\/v2\/categories?post=2414"},{"taxonomy":"post_tag","embeddable":true,"href":"https:\/\/interaudit.com.br\/index.php\/wp-json\/wp\/v2\/tags?post=2414"}],"curies":[{"name":"wp","href":"https:\/\/api.w.org\/{rel}","templated":true}]}}