{"id":2411,"date":"2022-08-23T11:56:23","date_gmt":"2022-08-23T11:56:23","guid":{"rendered":"https:\/\/interaudit.com.br\/?p=2411"},"modified":"2022-08-23T11:56:25","modified_gmt":"2022-08-23T11:56:25","slug":"auxilio-brasil-e-vale-gas-pagamentos-de-agosto-terminam-nesta-segunda-feira-22","status":"publish","type":"post","link":"https:\/\/interaudit.com.br\/index.php\/2022\/08\/23\/auxilio-brasil-e-vale-gas-pagamentos-de-agosto-terminam-nesta-segunda-feira-22\/","title":{"rendered":"Aux\u00edlio Brasil e Vale-G\u00e1s: pagamentos de agosto terminam nesta segunda-feira (22)"},"content":{"rendered":"\n<p>Confira quantas fam\u00edlias foram beneficiadas com os aux\u00edlios neste m\u00eas e o calend\u00e1rio completo das pr\u00f3ximas parcelas.<\/p>\n\n\n\n<p>O Aux\u00edlio Brasil e o benef\u00edcio do Vale-G\u00e1s, pagos com valores reajustados a partir deste m\u00eas, ter\u00e3o os pagamentos conclu\u00eddos nesta segunda-feira (22), referente ao m\u00eas de agosto.<\/p>\n\n\n\n<p>Recebem ainda hoje os benefici\u00e1rios com N\u00famero de Identifica\u00e7\u00e3o Social (NIS) com final 0, concluindo o pagamento de agosto dos dois benef\u00edcios.<\/p>\n\n\n\n<p>Aqueles inclu\u00eddos nos programas que sejam portadores do NIS com final entre 1 e 9 j\u00e1 receberam os valores ao longo deste m\u00eas. A nova rodada de pagamentos dos aux\u00edlios come\u00e7ar\u00e1 apenas no dia 19 de setembro, pago aos benefici\u00e1rios com NIS final 1.<\/p>\n\n\n\n<p>Em agosto, 20,2 milh\u00f5es de fam\u00edlias em condi\u00e7\u00e3o de vulnerabilidade social receberam os aux\u00edlios com valores atualizados pela PEC dos Benef\u00edcios. Entre agosto e dezembro deste ano, o Aux\u00edlio Brasil ser\u00e1 pago no valor de R$600 por m\u00eas e o Aux\u00edlio-G\u00e1s na quantia de R$110 a cada dois meses.<\/p>\n\n\n\n<p>Em agosto, o Aux\u00edlio-G\u00e1s beneficiou 5,6 milh\u00f5es de fam\u00edlias, que recebem o valor integral do botij\u00e3o de 13kg. Este aux\u00edlio ser\u00e1 pago novamente em outubro e depois em dezembro.<\/p>\n\n\n\n<h3 class=\"wp-block-heading\"><strong>Calend\u00e1rio de pagamento das pr\u00f3ximas parcelas do Aux\u00edlio Brasil<\/strong><\/h3>\n\n\n\n<figure class=\"wp-block-table\"><table><tbody><tr><td><strong>Final do NIS<\/strong><\/td><td><strong>Set<\/strong><\/td><td><strong>Out<\/strong><\/td><td><strong>Nov<\/strong><\/td><td><strong>Dez<\/strong><\/td><\/tr><tr><td>1<\/td><td>19\/9<\/td><td>18\/10<\/td><td>17\/11<\/td><td>12\/12<\/td><\/tr><tr><td>2<\/td><td>20\/9<\/td><td>19\/10<\/td><td>18\/11<\/td><td>13\/12<\/td><\/tr><tr><td>3<\/td><td>21\/9<\/td><td>20\/10<\/td><td>21\/11<\/td><td>14\/12<\/td><\/tr><tr><td>4<\/td><td>22\/9<\/td><td>21\/10<\/td><td>22\/11<\/td><td>15\/12<\/td><\/tr><tr><td>5<\/td><td>23\/9<\/td><td>24\/10<\/td><td>23\/11<\/td><td>16\/12<\/td><\/tr><tr><td>6<\/td><td>26\/9<\/td><td>25\/10<\/td><td>24\/11<\/td><td>19\/12<\/td><\/tr><tr><td>7<\/td><td>27\/9<\/td><td>26\/10<\/td><td>25\/11<\/td><td>20\/12<\/td><\/tr><tr><td>8<\/td><td>28\/9<\/td><td>27\/10<\/td><td>28\/11<\/td><td>21\/12<\/td><\/tr><tr><td>9<\/td><td>29\/9<\/td><td>28\/10<\/td><td>29\/11<\/td><td>22\/12<\/td><\/tr><tr><td>0<\/td><td>30\/9<\/td><td>31\/10<\/td><td>30\/11<\/td><td>23\/12<\/td><\/tr><\/tbody><\/table><\/figure>\n\n\n\n<h3 class=\"wp-block-heading\"><strong>Confira calend\u00e1rio do Aux\u00edlio-g\u00e1s<\/strong><\/h3>\n\n\n\n<figure class=\"wp-block-table\"><table><tbody><tr><td><strong>Final do NIS<\/strong><\/td><td><strong>Outubro<\/strong><\/td><td><strong>Dezembro<\/strong><\/td><\/tr><tr><td>1<\/td><td>18\/10<\/td><td>12\/12<\/td><\/tr><tr><td>2<\/td><td>19\/10<\/td><td>13\/12<\/td><\/tr><tr><td>3<\/td><td>20\/10<\/td><td>14\/12<\/td><\/tr><tr><td>4<\/td><td>21\/10<\/td><td>15\/12<\/td><\/tr><tr><td>5<\/td><td>24\/10<\/td><td>16\/12<\/td><\/tr><tr><td>6<\/td><td>25\/10<\/td><td>19\/12<\/td><\/tr><tr><td>7<\/td><td>26\/10<\/td><td>20\/12<\/td><\/tr><tr><td>8<\/td><td>27\/10<\/td><td>21\/12<\/td><\/tr><tr><td>9<\/td><td>28\/10<\/td><td>22\/12<\/td><\/tr><tr><td>0<\/td><td>31\/10<\/td><td>23\/12<\/td><\/tr><\/tbody><\/table><\/figure>\n","protected":false},"excerpt":{"rendered":"<p>Confira quantas fam\u00edlias foram beneficiadas com os aux\u00edlios neste m\u00eas e o calend\u00e1rio completo das pr\u00f3ximas parcelas. O Aux\u00edlio Brasil e o benef\u00edcio do Vale-G\u00e1s, pagos com valores reajustados a partir deste m\u00eas, ter\u00e3o os pagamentos conclu\u00eddos nesta segunda-feira (22), referente ao m\u00eas de agosto. Recebem ainda hoje os benefici\u00e1rios com N\u00famero de Identifica\u00e7\u00e3o Social [&hellip;]<\/p>\n","protected":false},"author":2,"featured_media":2412,"comment_status":"open","ping_status":"open","sticky":false,"template":"","format":"standard","meta":{"footnotes":""},"categories":[1],"tags":[],"class_list":["post-2411","post","type-post","status-publish","format-standard","has-post-thumbnail","hentry","category-uncategorized"],"_links":{"self":[{"href":"https:\/\/interaudit.com.br\/index.php\/wp-json\/wp\/v2\/posts\/2411","targetHints":{"allow":["GET"]}}],"collection":[{"href":"https:\/\/interaudit.com.br\/index.php\/wp-json\/wp\/v2\/posts"}],"about":[{"href":"https:\/\/interaudit.com.br\/index.php\/wp-json\/wp\/v2\/types\/post"}],"author":[{"embeddable":true,"href":"https:\/\/interaudit.com.br\/index.php\/wp-json\/wp\/v2\/users\/2"}],"replies":[{"embeddable":true,"href":"https:\/\/interaudit.com.br\/index.php\/wp-json\/wp\/v2\/comments?post=2411"}],"version-history":[{"count":1,"href":"https:\/\/interaudit.com.br\/index.php\/wp-json\/wp\/v2\/posts\/2411\/revisions"}],"predecessor-version":[{"id":2413,"href":"https:\/\/interaudit.com.br\/index.php\/wp-json\/wp\/v2\/posts\/2411\/revisions\/2413"}],"wp:featuredmedia":[{"embeddable":true,"href":"https:\/\/interaudit.com.br\/index.php\/wp-json\/wp\/v2\/media\/2412"}],"wp:attachment":[{"href":"https:\/\/interaudit.com.br\/index.php\/wp-json\/wp\/v2\/media?parent=2411"}],"wp:term":[{"taxonomy":"category","embeddable":true,"href":"https:\/\/interaudit.com.br\/index.php\/wp-json\/wp\/v2\/categories?post=2411"},{"taxonomy":"post_tag","embeddable":true,"href":"https:\/\/interaudit.com.br\/index.php\/wp-json\/wp\/v2\/tags?post=2411"}],"curies":[{"name":"wp","href":"https:\/\/api.w.org\/{rel}","templated":true}]}}