{"id":2363,"date":"2022-08-01T17:50:07","date_gmt":"2022-08-01T17:50:07","guid":{"rendered":"https:\/\/interaudit.com.br\/?p=2363"},"modified":"2022-08-01T17:50:09","modified_gmt":"2022-08-01T17:50:09","slug":"concurso-do-inss-nova-portaria-permite-realizacao-da-prova-dois-meses-apos-publicacao-do-edital","status":"publish","type":"post","link":"https:\/\/interaudit.com.br\/index.php\/2022\/08\/01\/concurso-do-inss-nova-portaria-permite-realizacao-da-prova-dois-meses-apos-publicacao-do-edital\/","title":{"rendered":"Concurso do INSS: nova portaria permite realiza\u00e7\u00e3o da prova dois meses ap\u00f3s publica\u00e7\u00e3o do edital"},"content":{"rendered":"\n<p>Portaria divulgada nesta segunda-feira (1) reduz o tempo previsto normalmente para a divulga\u00e7\u00e3o do edital e a realiza\u00e7\u00e3o da prova, reduzindo tempo de preparo do candidato<\/p>\n\n\n\n<p>Em junho deste ano, o Minist\u00e9rio da Economia autorizou a realiza\u00e7\u00e3o de concurso p\u00fablico para a contrata\u00e7\u00e3o de novos funcion\u00e1rios para o Instituto Nacional de Seguro Social&nbsp;<a href=\"https:\/\/www.contabeis.com.br\/previdencia\/inss\/\">(INSS)<\/a>&nbsp;, ap\u00f3s v\u00e1rios anos sem realiza\u00e7\u00e3o deste tipo de prova, impactando no atendimento do instituto e causando longas filas de espera.<\/p>\n\n\n\n<p>Nesta segunda-feira (1), uma nova portaria autoriza que o&nbsp;<a href=\"https:\/\/www.contabeis.com.br\/previdencia\/inss\/\">INSS<\/a>&nbsp;reduza o prazo entre o lan\u00e7amento do edital do concurso e a realiza\u00e7\u00e3o da prova objetiva, que ter\u00e1&nbsp; 1 mil vagas para t\u00e9cnicos do seguro social, acelerando o processo.<\/p>\n\n\n\n<p>O prazo foi reduzido para dois meses, isso quer dizer que os candidatos ter\u00e3o menos tempo para estudar uma vez que o conte\u00fado program\u00e1tico for disponibilizado no edital.<\/p>\n\n\n\n<p>Via de regra, quando um concurso \u00e9 autorizado pelo governo, o prazo para divulga\u00e7\u00e3o do edital \u00e9 de at\u00e9 seis meses ap\u00f3s a publica\u00e7\u00e3o da portaria, que aconteceu no dia 13 de junho, ent\u00e3o o instituto teria at\u00e9 o dia 13 de dezembro para liberar o edital.<\/p>\n\n\n\n<p>Com a alta demanda do&nbsp;<a href=\"https:\/\/www.contabeis.com.br\/previdencia\/inss\/\">INSS<\/a>&nbsp;e a reclama\u00e7\u00e3o constante dos benefici\u00e1rios com a fila de espera, que j\u00e1 supera o tempo previsto e acordo com o governo, o \u00f3rg\u00e3o tem pressa na realiza\u00e7\u00e3o e j\u00e1 informou que a banca organizadora do concurso dever\u00e1 ser escolhida ainda em agosto.<\/p>\n\n\n\n<p>A realiza\u00e7\u00e3o da prova \u00e9 uma conquista do instituto, mas o n\u00famero de vagas \u00e9 bem menor do que foi solicitado e do que \u00e9 necess\u00e1rio para o bom funcionamento. O&nbsp;<a href=\"https:\/\/www.contabeis.com.br\/previdencia\/inss\/\">INSS<\/a>&nbsp;havia enviado ao Minist\u00e9rio da Economia a solicita\u00e7\u00e3o de 7.575 novas contrata\u00e7\u00f5es, sendo 6.004 para t\u00e9cnico do seguro social e 1.571 para analista do seguro social, conseguindo apenas 1 mil novas vagas.<\/p>\n\n\n\n<p>Podem prestar o concurso do&nbsp;<a href=\"https:\/\/www.contabeis.com.br\/previdencia\/inss\/\">INSS<\/a>&nbsp;brasileiros que tenham n\u00edvel m\u00e9dio de escolaridade e o sal\u00e1rio previsto para a categoria \u00e9 de R$6.500.<\/p>\n\n\n\n<p><strong>Leia Mais<\/strong><\/p>\n\n\n\n<p><a href=\"https:\/\/www.contabeis.com.br\/noticias\/52333\/concurso-do-inss-dicas-para-se-preparar\/\" target=\"_blank\" rel=\"noreferrer noopener\"><strong>Saiba como se preparar para o concurso do INSS<\/strong><\/a><\/p>\n","protected":false},"excerpt":{"rendered":"<p>Portaria divulgada nesta segunda-feira (1) reduz o tempo previsto normalmente para a divulga\u00e7\u00e3o do edital e a realiza\u00e7\u00e3o da prova, reduzindo tempo de preparo do candidato Em junho deste ano, o Minist\u00e9rio da Economia autorizou a realiza\u00e7\u00e3o de concurso p\u00fablico para a contrata\u00e7\u00e3o de novos funcion\u00e1rios para o Instituto Nacional de Seguro Social&nbsp;(INSS)&nbsp;, ap\u00f3s v\u00e1rios [&hellip;]<\/p>\n","protected":false},"author":2,"featured_media":2364,"comment_status":"open","ping_status":"open","sticky":false,"template":"","format":"standard","meta":{"footnotes":""},"categories":[1],"tags":[],"class_list":["post-2363","post","type-post","status-publish","format-standard","has-post-thumbnail","hentry","category-uncategorized"],"_links":{"self":[{"href":"https:\/\/interaudit.com.br\/index.php\/wp-json\/wp\/v2\/posts\/2363","targetHints":{"allow":["GET"]}}],"collection":[{"href":"https:\/\/interaudit.com.br\/index.php\/wp-json\/wp\/v2\/posts"}],"about":[{"href":"https:\/\/interaudit.com.br\/index.php\/wp-json\/wp\/v2\/types\/post"}],"author":[{"embeddable":true,"href":"https:\/\/interaudit.com.br\/index.php\/wp-json\/wp\/v2\/users\/2"}],"replies":[{"embeddable":true,"href":"https:\/\/interaudit.com.br\/index.php\/wp-json\/wp\/v2\/comments?post=2363"}],"version-history":[{"count":1,"href":"https:\/\/interaudit.com.br\/index.php\/wp-json\/wp\/v2\/posts\/2363\/revisions"}],"predecessor-version":[{"id":2365,"href":"https:\/\/interaudit.com.br\/index.php\/wp-json\/wp\/v2\/posts\/2363\/revisions\/2365"}],"wp:featuredmedia":[{"embeddable":true,"href":"https:\/\/interaudit.com.br\/index.php\/wp-json\/wp\/v2\/media\/2364"}],"wp:attachment":[{"href":"https:\/\/interaudit.com.br\/index.php\/wp-json\/wp\/v2\/media?parent=2363"}],"wp:term":[{"taxonomy":"category","embeddable":true,"href":"https:\/\/interaudit.com.br\/index.php\/wp-json\/wp\/v2\/categories?post=2363"},{"taxonomy":"post_tag","embeddable":true,"href":"https:\/\/interaudit.com.br\/index.php\/wp-json\/wp\/v2\/tags?post=2363"}],"curies":[{"name":"wp","href":"https:\/\/api.w.org\/{rel}","templated":true}]}}