{"id":2355,"date":"2022-08-01T17:46:27","date_gmt":"2022-08-01T17:46:27","guid":{"rendered":"https:\/\/interaudit.com.br\/?p=2355"},"modified":"2022-08-01T17:46:29","modified_gmt":"2022-08-01T17:46:29","slug":"agenda-tributaria-saiba-as-obrigacoes-e-prazos-de-agosto-de-2022","status":"publish","type":"post","link":"https:\/\/interaudit.com.br\/index.php\/2022\/08\/01\/agenda-tributaria-saiba-as-obrigacoes-e-prazos-de-agosto-de-2022\/","title":{"rendered":"Agenda tribut\u00e1ria: saiba as obriga\u00e7\u00f5es e prazos de agosto de 2022"},"content":{"rendered":"\n<p>Fique por dentro da agenda do m\u00eas de agosto e n\u00e3o deixe de cumprir as obriga\u00e7\u00f5es tribut\u00e1rias do per\u00edodo.<\/p>\n\n\n\n<p>A Receita Federal come\u00e7a todos os meses divulgando o calend\u00e1rio completo de obriga\u00e7\u00f5es acess\u00f3rias e cont\u00e1beis previstas para o per\u00edodo, para que os empres\u00e1rios e profissionais que cuidam da agenda tribut\u00e1ria fiquem atentos e tenham tempo para se preparar.<\/p>\n\n\n\n<p>Algumas entregas est\u00e3o constantemente no radar dos contadores, mas para refor\u00e7ar as datas das obriga\u00e7\u00f5es, evitar problemas com o Fisco e facilitar a consulta, o Portal Cont\u00e1beis compartilha mensalmente estas informa\u00e7\u00f5es para ajudar a classe cont\u00e1bil.<\/p>\n\n\n\n<p>Por isso,&nbsp; confira a agenda tribut\u00e1ria de agosto de 2022 e fique atento \u00e0s datas das seguintes obriga\u00e7\u00f5es:<\/p>\n\n\n\n<h2 class=\"wp-block-heading\"><strong>Agenda tribut\u00e1ria de agosto para Pessoas Jur\u00eddicas:<\/strong><\/h2>\n\n\n\n<figure class=\"wp-block-table\"><table><tbody><tr><td><strong>Data de Apresenta\u00e7\u00e3o<\/strong><\/td><td><strong>Declara\u00e7\u00f5es, Demonstrativos e Documentos de Interesse Principal das Pessoas Jur\u00eddicas<\/strong><\/td><td><strong>Per\u00edodo de Apura\u00e7\u00e3o<\/strong><\/td><\/tr><tr><td>5<\/td><td>GFIP \u2013 Guia de Recolhimento do Fundo de Garantia e Informa\u00e7\u00f5es \u00e0 Previd\u00eancia Social<\/td><td>1\u00ba a 31\/julho\/2022<\/td><\/tr><tr><td>10<\/td><td>Envio, pelo Munic\u00edpio, da rela\u00e7\u00e3o de todos os alvar\u00e1s para constru\u00e7\u00e3o civil e documentos de habite-se concedidos.<\/td><td>1\u00ba a 31\/julho\/2022<\/td><\/tr><tr><td>12<\/td><td>EFD-Contribui\u00e7\u00f5es \u2013 Escritura\u00e7\u00e3o Fiscal Digital das Contribui\u00e7\u00f5es incidentes sobre a Receita.- Contribui\u00e7\u00e3o para o PIS\/Pasep e \u00e0&nbsp;<a href=\"https:\/\/www.contabeis.com.br\/tributario\/cofins\/\">Cofins<\/a>&nbsp;\u2013 Pessoas Jur\u00eddicas sujeitas \u00e0 tributa\u00e7\u00e3o do Imposto sobre a Renda.- Contribui\u00e7\u00e3o Previdenci\u00e1ria sobre a Receita \u2013 Pessoas Jur\u00eddicas que desenvolvam as atividades relacionadas nos arts. 7\u00ba e 8\u00ba da Lei n\u00ba 12.546, de 2011.(Consulte a Instru\u00e7\u00e3o Normativa RFB n\u00ba 1.252, de 1\u00ba de mar\u00e7o de 2012)<\/td><td>Junho\/2022<\/td><\/tr><tr><td>15<\/td><td>DCP \u2013 Demonstrativo do Cr\u00e9dito Presumido do IPI<\/td><td>Abril a Junho\/2022<\/td><\/tr><tr><td>15<\/td><td>DCTFWeb \u2013 Declara\u00e7\u00e3o de D\u00e9bitos e Cr\u00e9ditos Tribut\u00e1rios Federais Previdenci\u00e1rios e de Outras Entidades e Fundos<\/td><td>Julho\/2022<\/td><\/tr><tr><td>15<\/td><td>EFD-Reinf \u2013 Escritura\u00e7\u00e3o Fiscal Digital de Reten\u00e7\u00f5es e Outras Informa\u00e7\u00f5es Fiscais(Consulte a Instru\u00e7\u00e3o Normativa RFB n\u00ba 2.043, de 12 de agosto de 2021)<\/td><td>Julho\/2022<\/td><\/tr><tr><td>19<\/td><td>DCTF Mensal \u2013 Declara\u00e7\u00e3o de D\u00e9bitos e Cr\u00e9ditos Tribut\u00e1rios Federais \u2013 Mensal<\/td><td>Junho\/2022<\/td><\/tr><tr><td>22<\/td><td>PGDAS-D \u2013 Programa Gerador do Documento de Arrecada\u00e7\u00e3o do Simples Nacional<\/td><td>Julho\/2022<\/td><\/tr><tr><td>31<\/td><td>Decred \u2013 Declara\u00e7\u00e3o de Opera\u00e7\u00f5es com Cart\u00f5es de Cr\u00e9dito<\/td><td>Janeiro a Junho\/2022<\/td><\/tr><tr><td>31<\/td><td>DIF Papel Imune \u2013 Declara\u00e7\u00e3o Especial de Informa\u00e7\u00f5es Relativas ao Controle de Papel Imune<\/td><td>Janeiro a Junho\/2022<\/td><\/tr><tr><td>31<\/td><td>DME \u2013 Declara\u00e7\u00e3o de Opera\u00e7\u00f5es Liquidadas com Moeda em Esp\u00e9cie<\/td><td>Julho\/2022<\/td><\/tr><tr><td>31<\/td><td>DOI \u2013 Declara\u00e7\u00e3o sobre Opera\u00e7\u00f5es Imobili\u00e1rias<\/td><td>Julho\/2022<\/td><\/tr><tr><td>31<\/td><td>ECF \u2013 Escritura\u00e7\u00e3o Cont\u00e1bil Fiscal<\/td><td>Ano-calend\u00e1rio de 2021<\/td><\/tr><tr><td>31<\/td><td>e-Financeira<\/td><td>Janeiro a junho\/2022<\/td><\/tr><\/tbody><\/table><\/figure>\n\n\n\n<h2 class=\"wp-block-heading\"><strong>Agenda tribut\u00e1ria de agosto para pessoas f\u00edsicas:<\/strong><\/h2>\n\n\n\n<figure class=\"wp-block-table\"><table><tbody><tr><td><strong>Data de Apresenta\u00e7\u00e3o<\/strong><\/td><td><strong>Declara\u00e7\u00f5es, Demonstrativos e Documentos de Interesse Principal das Pessoas F\u00edsicas<\/strong><\/td><td><strong>Per\u00edodo de Apura\u00e7\u00e3o<\/strong><\/td><\/tr><tr><td>5<\/td><td>GFIP \u2013 Guia de Recolhimento do Fundo de Garantia e Informa\u00e7\u00f5es \u00e0 Previd\u00eancia Social<\/td><td>1\u00ba a 31\/julho\/2022<\/td><\/tr><tr><td>31<\/td><td>DME \u2013 Declara\u00e7\u00e3o de Opera\u00e7\u00f5es Liquidadas com Moeda em esp\u00e9cie<\/td><td>Julho\/2022<\/td><\/tr><tr><td>31<\/td><td>DOI \u2013 Declara\u00e7\u00e3o sobre Opera\u00e7\u00f5es Imobili\u00e1rias<\/td><td>Julho\/2022<\/td><\/tr><\/tbody><\/table><\/figure>\n\n\n\n<p>Confira&nbsp;<a href=\"https:\/\/www.gov.br\/receitafederal\/pt-br\/assuntos\/agenda-tributaria\/agenda-tributaria-2022\/agosto\" target=\"_blank\" rel=\"noreferrer noopener\">aqui<\/a>&nbsp;a agenda tribut\u00e1ria completa do m\u00eas de agosto.<\/p>\n\n\n\n<p><em>Com informa\u00e7\u00f5es Receita Federal<\/em><\/p>\n","protected":false},"excerpt":{"rendered":"<p>Fique por dentro da agenda do m\u00eas de agosto e n\u00e3o deixe de cumprir as obriga\u00e7\u00f5es tribut\u00e1rias do per\u00edodo. A Receita Federal come\u00e7a todos os meses divulgando o calend\u00e1rio completo de obriga\u00e7\u00f5es acess\u00f3rias e cont\u00e1beis previstas para o per\u00edodo, para que os empres\u00e1rios e profissionais que cuidam da agenda tribut\u00e1ria fiquem atentos e tenham tempo [&hellip;]<\/p>\n","protected":false},"author":2,"featured_media":2356,"comment_status":"open","ping_status":"open","sticky":false,"template":"","format":"standard","meta":{"footnotes":""},"categories":[1],"tags":[],"class_list":["post-2355","post","type-post","status-publish","format-standard","has-post-thumbnail","hentry","category-uncategorized"],"_links":{"self":[{"href":"https:\/\/interaudit.com.br\/index.php\/wp-json\/wp\/v2\/posts\/2355","targetHints":{"allow":["GET"]}}],"collection":[{"href":"https:\/\/interaudit.com.br\/index.php\/wp-json\/wp\/v2\/posts"}],"about":[{"href":"https:\/\/interaudit.com.br\/index.php\/wp-json\/wp\/v2\/types\/post"}],"author":[{"embeddable":true,"href":"https:\/\/interaudit.com.br\/index.php\/wp-json\/wp\/v2\/users\/2"}],"replies":[{"embeddable":true,"href":"https:\/\/interaudit.com.br\/index.php\/wp-json\/wp\/v2\/comments?post=2355"}],"version-history":[{"count":1,"href":"https:\/\/interaudit.com.br\/index.php\/wp-json\/wp\/v2\/posts\/2355\/revisions"}],"predecessor-version":[{"id":2357,"href":"https:\/\/interaudit.com.br\/index.php\/wp-json\/wp\/v2\/posts\/2355\/revisions\/2357"}],"wp:featuredmedia":[{"embeddable":true,"href":"https:\/\/interaudit.com.br\/index.php\/wp-json\/wp\/v2\/media\/2356"}],"wp:attachment":[{"href":"https:\/\/interaudit.com.br\/index.php\/wp-json\/wp\/v2\/media?parent=2355"}],"wp:term":[{"taxonomy":"category","embeddable":true,"href":"https:\/\/interaudit.com.br\/index.php\/wp-json\/wp\/v2\/categories?post=2355"},{"taxonomy":"post_tag","embeddable":true,"href":"https:\/\/interaudit.com.br\/index.php\/wp-json\/wp\/v2\/tags?post=2355"}],"curies":[{"name":"wp","href":"https:\/\/api.w.org\/{rel}","templated":true}]}}