{"id":2340,"date":"2022-07-25T12:39:55","date_gmt":"2022-07-25T12:39:55","guid":{"rendered":"https:\/\/interaudit.com.br\/?p=2340"},"modified":"2022-07-25T12:39:57","modified_gmt":"2022-07-25T12:39:57","slug":"receita-federal-disponibiliza-versao-1-3-do-programa-da-dirf","status":"publish","type":"post","link":"https:\/\/interaudit.com.br\/index.php\/2022\/07\/25\/receita-federal-disponibiliza-versao-1-3-do-programa-da-dirf\/","title":{"rendered":"Receita Federal disponibiliza vers\u00e3o 1.3 do programa da DIRF"},"content":{"rendered":"\n<p>A atualiza\u00e7\u00e3o no programa da DIRF segue o o Ato Declarat\u00f3rio Executivo Cofis n\u00ba 72\/2022.<\/p>\n\n\n\n<p>A Receita Federal disponibilizou nesta sexta-feira (22) a vers\u00e3o 1.3 do Programa Gerador da Declara\u00e7\u00e3o do Imposto sobre a Renda Retido na Fonte&nbsp;<a href=\"https:\/\/www.contabeis.com.br\/tributario\/dirf\/\">(DIRF)<\/a>&nbsp;de 2022.<\/p>\n\n\n\n<p>A atualiza\u00e7\u00e3o segue o disposto no Ato Declarat\u00f3rio Executivo Cofis n\u00ba 72\/2022, contemplando as seguintes altera\u00e7\u00f5es:<\/p>\n\n\n\n<ul class=\"wp-block-list\"><li>Inclus\u00e3o de campo para o registro do rendimento n\u00e3o tribut\u00e1vel anual relativo aos&nbsp;<a href=\"https:\/\/www.contabeis.com.br\/economia\/juros\/\">Juros<\/a>&nbsp;de Mora recebidos, devidos pelo atraso no pagamento de remunera\u00e7\u00e3o por exerc\u00edcio de emprego, cargo ou fun\u00e7\u00e3o;&nbsp;<\/li><li>Inclus\u00e3o de campo para o registro de rendimento isento mensal relativo ao Resgate de Previd\u00eancia Complementar por portador de mol\u00e9stia grave comprovada por laudo m\u00e9dico;<\/li><li>Atualiza\u00e7\u00e3o do modelo de comprovante de rendimentos pagos e de Imposto sobre a Renda Retido na Fonte (IRRF) emitido pelo Programa, em observ\u00e2ncia \u00e0 Instru\u00e7\u00e3o Normativa RFB n\u00ba 2060, de 13 de dezembro de 2021.<\/li><\/ul>\n\n\n\n<h2 class=\"wp-block-heading\"><strong>Nova vers\u00e3o PGD DIRF<\/strong><\/h2>\n\n\n\n<p>A nova vers\u00e3o do programa da&nbsp;<a href=\"https:\/\/www.contabeis.com.br\/tributario\/dirf\/\">DIRF<\/a>&nbsp;deve ser utilizada para a transmiss\u00e3o de declara\u00e7\u00f5es originais e retificadoras relativas a fatos geradores ocorridos no ano-calend\u00e1rio de 2021, nos casos de situa\u00e7\u00e3o normal, e no ano-calend\u00e1rio de 2022, nos casos de situa\u00e7\u00e3o especial&nbsp;<a href=\"https:\/\/www.contabeis.com.br\/tributario\/dirf\/\">(DIRF<\/a>&nbsp;2022).<\/p>\n\n\n\n<p>A Receita Federal destaca que a altera\u00e7\u00e3o da estrutura do Programa com a inclus\u00e3o dos novos campos n\u00e3o obriga o declarante regular (cuja&nbsp;<a href=\"https:\/\/www.contabeis.com.br\/tributario\/dirf\/\">DIRF<\/a>&nbsp;original foi entregue dentro do prazo estabelecido) a transmitir declara\u00e7\u00e3o retificadora.&nbsp;<\/p>\n\n\n\n<p>O declarante precisar\u00e1 enviar a&nbsp;<a href=\"https:\/\/www.contabeis.com.br\/tributario\/dirf\/\">DIRF<\/a>&nbsp;retificadora de acordo com novo leiaute apenas se for necess\u00e1rio prestar as informa\u00e7\u00f5es referentes aos registros criados.<\/p>\n\n\n\n<p>Entretanto, qualquer declara\u00e7\u00e3o retificadora referente ao exerc\u00edcio de 2022, ainda que n\u00e3o contenha informa\u00e7\u00f5es relativas \u00e0s altera\u00e7\u00f5es disponibilizadas pela nova vers\u00e3o do PGD&nbsp;<a href=\"https:\/\/www.contabeis.com.br\/tributario\/dirf\/\">DIRF<\/a>&nbsp;2022, deve ser transmitida por meio da vers\u00e3o 1.3.<\/p>\n\n\n\n<p><em>Com informa\u00e7\u00f5es da Receita Federal<\/em><\/p>\n","protected":false},"excerpt":{"rendered":"<p>A atualiza\u00e7\u00e3o no programa da DIRF segue o o Ato Declarat\u00f3rio Executivo Cofis n\u00ba 72\/2022. A Receita Federal disponibilizou nesta sexta-feira (22) a vers\u00e3o 1.3 do Programa Gerador da Declara\u00e7\u00e3o do Imposto sobre a Renda Retido na Fonte&nbsp;(DIRF)&nbsp;de 2022. A atualiza\u00e7\u00e3o segue o disposto no Ato Declarat\u00f3rio Executivo Cofis n\u00ba 72\/2022, contemplando as seguintes altera\u00e7\u00f5es: [&hellip;]<\/p>\n","protected":false},"author":2,"featured_media":2341,"comment_status":"open","ping_status":"open","sticky":false,"template":"","format":"standard","meta":{"footnotes":""},"categories":[1],"tags":[],"class_list":["post-2340","post","type-post","status-publish","format-standard","has-post-thumbnail","hentry","category-uncategorized"],"_links":{"self":[{"href":"https:\/\/interaudit.com.br\/index.php\/wp-json\/wp\/v2\/posts\/2340","targetHints":{"allow":["GET"]}}],"collection":[{"href":"https:\/\/interaudit.com.br\/index.php\/wp-json\/wp\/v2\/posts"}],"about":[{"href":"https:\/\/interaudit.com.br\/index.php\/wp-json\/wp\/v2\/types\/post"}],"author":[{"embeddable":true,"href":"https:\/\/interaudit.com.br\/index.php\/wp-json\/wp\/v2\/users\/2"}],"replies":[{"embeddable":true,"href":"https:\/\/interaudit.com.br\/index.php\/wp-json\/wp\/v2\/comments?post=2340"}],"version-history":[{"count":1,"href":"https:\/\/interaudit.com.br\/index.php\/wp-json\/wp\/v2\/posts\/2340\/revisions"}],"predecessor-version":[{"id":2342,"href":"https:\/\/interaudit.com.br\/index.php\/wp-json\/wp\/v2\/posts\/2340\/revisions\/2342"}],"wp:featuredmedia":[{"embeddable":true,"href":"https:\/\/interaudit.com.br\/index.php\/wp-json\/wp\/v2\/media\/2341"}],"wp:attachment":[{"href":"https:\/\/interaudit.com.br\/index.php\/wp-json\/wp\/v2\/media?parent=2340"}],"wp:term":[{"taxonomy":"category","embeddable":true,"href":"https:\/\/interaudit.com.br\/index.php\/wp-json\/wp\/v2\/categories?post=2340"},{"taxonomy":"post_tag","embeddable":true,"href":"https:\/\/interaudit.com.br\/index.php\/wp-json\/wp\/v2\/tags?post=2340"}],"curies":[{"name":"wp","href":"https:\/\/api.w.org\/{rel}","templated":true}]}}