{"id":2023,"date":"2022-03-03T17:21:31","date_gmt":"2022-03-03T17:21:31","guid":{"rendered":"https:\/\/interaudit.com.br\/?p=2023"},"modified":"2022-03-03T17:21:32","modified_gmt":"2022-03-03T17:21:32","slug":"ipi-governo-reduz-imposto-em-ate-25-para-estimular-o-consumo","status":"publish","type":"post","link":"https:\/\/interaudit.com.br\/index.php\/2022\/03\/03\/ipi-governo-reduz-imposto-em-ate-25-para-estimular-o-consumo\/","title":{"rendered":"IPI: governo reduz imposto em at\u00e9 25% para estimular o consumo"},"content":{"rendered":"\n<p>A redu\u00e7\u00e3o do IPI deve estimular a economia e beneficiar mais de 300 mil empresas<\/p>\n\n\n\n<p>O governo federal publicou na \u00faltima sexta-feira (25) decreto que altera a tabela do IPI (Imposto sobre Produtos Industrializados) em at\u00e9 25%.<\/p>\n\n\n\n<p>A redu\u00e7\u00e3o do IPI \u00e9 uma tentativa do governo federal de estimular a economia. A medida deve beneficiar mais de 300 mil empresas.<\/p>\n\n\n\n<p>O ministro da Economia, Paulo Guedes, explicou que a redu\u00e7\u00e3o linear de 25% do IPI \u00e9 o in\u00edcio de um processo gradual de diminui\u00e7\u00e3o do tributo.<\/p>\n\n\n\n<p>Com isso, o governo deixar\u00e1 de arrecadar R$ 19,5 bilh\u00f5es neste ano, R$ 20,9 bilh\u00f5es em 2023 e R$ 22,5 bilh\u00f5es em 2024. Metade desse montante desfalcar\u00e1 o caixa da Uni\u00e3o e, a outra metade, de Estados e munic\u00edpios.<\/p>\n\n\n\n<p>\u201cA redu\u00e7\u00e3o de 25% no IPI \u00e9 o marco do in\u00edcio da reindustrializa\u00e7\u00e3o brasileira ap\u00f3s quatro d\u00e9cadas de desindustrializa\u00e7\u00e3o. N\u00e3o pode haver recuo nisso, daqui para frente \u00e9 redu\u00e7\u00e3o de impostos\u201d, afirmou.<\/p>\n\n\n\n<h3 class=\"wp-block-heading\"><strong>Redu\u00e7\u00e3o do IPI<\/strong><\/h3>\n\n\n\n<p>A redu\u00e7\u00e3o do IPI ser\u00e1 feita com responsabilidade para n\u00e3o prejudicar a Zona Franca de Manaus, que hoje se beneficia pela isen\u00e7\u00e3o do imposto.<\/p>\n\n\n\n<p>O ministro ressaltou que o Minist\u00e9rio da Economia chegou a avaliar uma redu\u00e7\u00e3o linear de 50%, mas que optou neste momento por um percentual menor em respeito \u00e0 regi\u00e3o produtiva da regi\u00e3o Norte.<\/p>\n\n\n\n<p>\u201cA redu\u00e7\u00e3o de 25% do IPI \u00e9 o marco de reindustrializa\u00e7\u00e3o brasileira depois de quatro d\u00e9cadas de desindustrializa\u00e7\u00e3o\u201d, afirmou. \u201cDaqui para a frente, \u00e9 redu\u00e7\u00e3o. Mas tem de ter a responsabilidade com a Zona Franca de Manaus\u201d, acrescentou.<\/p>\n\n\n\n<p>A expectativa do governo federal \u00e9 de que, para preservar os benef\u00edcios fiscais para a Zona Franca de Manaus, n\u00e3o sejam feitas novas redu\u00e7\u00f5es nem em 2022 nem em 2023.<\/p>\n\n\n\n<p>O ministro defendeu que a medida \u00e9 o in\u00edcio de uma transi\u00e7\u00e3o na Zona Franca de Manaus em dire\u00e7\u00e3o ao mercado de cr\u00e9dito de carbono.<\/p>\n\n\n\n<p>\u201cA diminui\u00e7\u00e3o proporcional das al\u00edquotas do IPI possibilita o aumento da produtividade, menor assimetria tribut\u00e1ria intersetorial e mais efici\u00eancia na utiliza\u00e7\u00e3o dos recursos produtivos. Essa redu\u00e7\u00e3o tribut\u00e1ria ocorre ap\u00f3s a eleva\u00e7\u00e3o da arrecada\u00e7\u00e3o dos tributos federais observada ao longo do ano passado, e n\u00e3o afetar\u00e1 a solv\u00eancia da d\u00edvida p\u00fablica e o compromisso do governo federal com a consolida\u00e7\u00e3o fiscal\u201d, informa a nota do minist\u00e9rio.<\/p>\n","protected":false},"excerpt":{"rendered":"<p>A redu\u00e7\u00e3o do IPI deve estimular a economia e beneficiar mais de 300 mil empresas O governo federal publicou na \u00faltima sexta-feira (25) decreto que altera a tabela do IPI (Imposto sobre Produtos Industrializados) em at\u00e9 25%. A redu\u00e7\u00e3o do IPI \u00e9 uma tentativa do governo federal de estimular a economia. A medida deve beneficiar [&hellip;]<\/p>\n","protected":false},"author":2,"featured_media":2024,"comment_status":"open","ping_status":"open","sticky":false,"template":"","format":"standard","meta":{"footnotes":""},"categories":[1],"tags":[],"class_list":["post-2023","post","type-post","status-publish","format-standard","has-post-thumbnail","hentry","category-uncategorized"],"_links":{"self":[{"href":"https:\/\/interaudit.com.br\/index.php\/wp-json\/wp\/v2\/posts\/2023","targetHints":{"allow":["GET"]}}],"collection":[{"href":"https:\/\/interaudit.com.br\/index.php\/wp-json\/wp\/v2\/posts"}],"about":[{"href":"https:\/\/interaudit.com.br\/index.php\/wp-json\/wp\/v2\/types\/post"}],"author":[{"embeddable":true,"href":"https:\/\/interaudit.com.br\/index.php\/wp-json\/wp\/v2\/users\/2"}],"replies":[{"embeddable":true,"href":"https:\/\/interaudit.com.br\/index.php\/wp-json\/wp\/v2\/comments?post=2023"}],"version-history":[{"count":1,"href":"https:\/\/interaudit.com.br\/index.php\/wp-json\/wp\/v2\/posts\/2023\/revisions"}],"predecessor-version":[{"id":2025,"href":"https:\/\/interaudit.com.br\/index.php\/wp-json\/wp\/v2\/posts\/2023\/revisions\/2025"}],"wp:featuredmedia":[{"embeddable":true,"href":"https:\/\/interaudit.com.br\/index.php\/wp-json\/wp\/v2\/media\/2024"}],"wp:attachment":[{"href":"https:\/\/interaudit.com.br\/index.php\/wp-json\/wp\/v2\/media?parent=2023"}],"wp:term":[{"taxonomy":"category","embeddable":true,"href":"https:\/\/interaudit.com.br\/index.php\/wp-json\/wp\/v2\/categories?post=2023"},{"taxonomy":"post_tag","embeddable":true,"href":"https:\/\/interaudit.com.br\/index.php\/wp-json\/wp\/v2\/tags?post=2023"}],"curies":[{"name":"wp","href":"https:\/\/api.w.org\/{rel}","templated":true}]}}