{"id":2011,"date":"2022-03-03T16:56:29","date_gmt":"2022-03-03T16:56:29","guid":{"rendered":"https:\/\/interaudit.com.br\/?p=2011"},"modified":"2022-03-03T16:56:31","modified_gmt":"2022-03-03T16:56:31","slug":"acordos-de-transacao-sao-prorrogados-para-29-de-abril","status":"publish","type":"post","link":"https:\/\/interaudit.com.br\/index.php\/2022\/03\/03\/acordos-de-transacao-sao-prorrogados-para-29-de-abril\/","title":{"rendered":"Acordos de transa\u00e7\u00e3o s\u00e3o prorrogados para 29 de abril"},"content":{"rendered":"\n<p>Os acordos de transa\u00e7\u00e3o permitem que os contribuintes regularizem a situa\u00e7\u00e3o fiscal em condi\u00e7\u00f5es especiais.<\/p>\n\n\n\n<p>O Di\u00e1rio Oficial da Uni\u00e3o publicou a Portaria 1.701\/2022 que prorroga o prazo de ades\u00e3o dos acordos de transa\u00e7\u00e3o da Procuradoria-Geral da Fazenda Nacional (PGFN) para 29 de abril.&nbsp;<\/p>\n\n\n\n<p>At\u00e9 o momento, j\u00e1 foram realizados 981 mil acordos de transa\u00e7\u00e3o tribut\u00e1ria. O valor total regularizado \u00e9 de R$ 232,7 bilh\u00f5es em d\u00e9bitos inscritos na d\u00edvida ativa.&nbsp;<\/p>\n\n\n\n<p>Apenas em dezembro, mais de 100 mil acordos foram deferidos, com valor total de R$ 32,9 bilh\u00f5es regularizados.<\/p>\n\n\n\n<p>As principais transa\u00e7\u00f5es nessa situa\u00e7\u00e3o s\u00e3o Transa\u00e7\u00e3o Funrural, Extraordin\u00e1ria, Excepcional, Excepcional para D\u00e9bitos Rurais e Fundi\u00e1rios, D\u00edvida Ativa de Pequeno Valor, do&nbsp;<a href=\"https:\/\/www.contabeis.com.br\/trabalhista\/fgts\/\">FGTS<\/a>&nbsp;e o Programa Emergencial de Retomada do Setor de Eventos.<\/p>\n\n\n\n<h3 class=\"wp-block-heading\"><strong>Acordos de transa\u00e7\u00e3o<\/strong><\/h3>\n\n\n\n<p>Os acordos de transa\u00e7\u00e3o permitem ao contribuinte que se enquadre nas modalidades previstas na legisla\u00e7\u00e3o regularizar sua situa\u00e7\u00e3o fiscal perante a PGFN em condi\u00e7\u00f5es especiais, com descontos de at\u00e9 100% sobre os valores de multa,&nbsp;<a href=\"https:\/\/www.contabeis.com.br\/economia\/juros\/\">juros<\/a>&nbsp;e encargos.<\/p>\n\n\n\n<p>Instrumento destinado a possibilitar a manuten\u00e7\u00e3o de empresas e dos empregos por elas gerados, a transa\u00e7\u00e3o tribut\u00e1ria estimula a atividade econ\u00f4mica e garante recursos para as pol\u00edticas p\u00fablicas.&nbsp;<\/p>\n\n\n\n<p>A transa\u00e7\u00e3o na d\u00edvida ativa se consolidou, ao longo dos dois \u00faltimos anos, como importante pol\u00edtica p\u00fablica voltada \u00e0 supera\u00e7\u00e3o da crise econ\u00f4mico-financeira intensificada pela pandemia. Prevista h\u00e1 anos no C\u00f3digo Tribut\u00e1rio, a transa\u00e7\u00e3o tribut\u00e1ria foi autorizada pela Lei n\u00ba 13.988\/2020.<\/p>\n\n\n\n<p><em>Com informa\u00e7\u00f5es do Minist\u00e9rio da Economia<\/em><\/p>\n","protected":false},"excerpt":{"rendered":"<p>Os acordos de transa\u00e7\u00e3o permitem que os contribuintes regularizem a situa\u00e7\u00e3o fiscal em condi\u00e7\u00f5es especiais. O Di\u00e1rio Oficial da Uni\u00e3o publicou a Portaria 1.701\/2022 que prorroga o prazo de ades\u00e3o dos acordos de transa\u00e7\u00e3o da Procuradoria-Geral da Fazenda Nacional (PGFN) para 29 de abril.&nbsp; At\u00e9 o momento, j\u00e1 foram realizados 981 mil acordos de transa\u00e7\u00e3o [&hellip;]<\/p>\n","protected":false},"author":2,"featured_media":2012,"comment_status":"open","ping_status":"open","sticky":false,"template":"","format":"standard","meta":{"footnotes":""},"categories":[1],"tags":[],"class_list":["post-2011","post","type-post","status-publish","format-standard","has-post-thumbnail","hentry","category-uncategorized"],"_links":{"self":[{"href":"https:\/\/interaudit.com.br\/index.php\/wp-json\/wp\/v2\/posts\/2011","targetHints":{"allow":["GET"]}}],"collection":[{"href":"https:\/\/interaudit.com.br\/index.php\/wp-json\/wp\/v2\/posts"}],"about":[{"href":"https:\/\/interaudit.com.br\/index.php\/wp-json\/wp\/v2\/types\/post"}],"author":[{"embeddable":true,"href":"https:\/\/interaudit.com.br\/index.php\/wp-json\/wp\/v2\/users\/2"}],"replies":[{"embeddable":true,"href":"https:\/\/interaudit.com.br\/index.php\/wp-json\/wp\/v2\/comments?post=2011"}],"version-history":[{"count":1,"href":"https:\/\/interaudit.com.br\/index.php\/wp-json\/wp\/v2\/posts\/2011\/revisions"}],"predecessor-version":[{"id":2013,"href":"https:\/\/interaudit.com.br\/index.php\/wp-json\/wp\/v2\/posts\/2011\/revisions\/2013"}],"wp:featuredmedia":[{"embeddable":true,"href":"https:\/\/interaudit.com.br\/index.php\/wp-json\/wp\/v2\/media\/2012"}],"wp:attachment":[{"href":"https:\/\/interaudit.com.br\/index.php\/wp-json\/wp\/v2\/media?parent=2011"}],"wp:term":[{"taxonomy":"category","embeddable":true,"href":"https:\/\/interaudit.com.br\/index.php\/wp-json\/wp\/v2\/categories?post=2011"},{"taxonomy":"post_tag","embeddable":true,"href":"https:\/\/interaudit.com.br\/index.php\/wp-json\/wp\/v2\/tags?post=2011"}],"curies":[{"name":"wp","href":"https:\/\/api.w.org\/{rel}","templated":true}]}}