{"id":1852,"date":"2022-01-14T19:00:16","date_gmt":"2022-01-14T19:00:16","guid":{"rendered":"https:\/\/interaudit.com.br\/?p=1852"},"modified":"2022-01-14T19:00:18","modified_gmt":"2022-01-14T19:00:18","slug":"transacao-tributaria-so-permite-o-parcelamento-de-debitos-ja-inscritos-em-divida-ativa","status":"publish","type":"post","link":"https:\/\/interaudit.com.br\/index.php\/2022\/01\/14\/transacao-tributaria-so-permite-o-parcelamento-de-debitos-ja-inscritos-em-divida-ativa\/","title":{"rendered":"Transa\u00e7\u00e3o tribut\u00e1ria s\u00f3 permite o parcelamento de d\u00e9bitos j\u00e1 inscritos em d\u00edvida ativa"},"content":{"rendered":"\n<p>Especialista explica que a transa\u00e7\u00e3o tribut\u00e1ria proposta pela PGFN n\u00e3o substitui o Refis, programa que permitia a renegocia\u00e7\u00e3o de qualquer d\u00edvida do Simples Nacional.<\/p>\n\n\n\n<p>A Transa\u00e7\u00e3o tribut\u00e1ria anunciada na \u00faltima ter\u00e7a-feira (11) pela Procuradoria-Geral da Fazenda Nacional (PGFN) n\u00e3o deve substituir o programa de parcelamento de d\u00edvidas para empresas do&nbsp;<a href=\"https:\/\/www.contabeis.com.br\/tributario\/simples_nacional\/\">Simples Nacional<\/a>&nbsp;e microempreendedores individuais, o&nbsp;<a href=\"https:\/\/www.contabeis.com.br\/tributario\/refis\/\">Refis.<\/a><\/p>\n\n\n\n<p>O programa proposto pela PGFN abrange d\u00e9bitos j\u00e1 inscritos em d\u00edvida ativa. Al\u00e9m disso, a classifica\u00e7\u00e3o desse d\u00e9bito \u2013 que diz respeito \u00e0 possibilidade ou n\u00e3o de recupera\u00e7\u00e3o por parte da PGFN \u2013 influenciar\u00e1 nas condi\u00e7\u00f5es de pagamento das d\u00edvidas.<\/p>\n\n\n\n<p>J\u00e1 o&nbsp;<a href=\"https:\/\/www.contabeis.com.br\/tributario\/refis\/\">Refis,<\/a>&nbsp;vetado pelo presidente Jair Bolsonaro, trata de qualquer d\u00edvida no \u00e2mbito do&nbsp;<a href=\"https:\/\/www.contabeis.com.br\/tributario\/simples_nacional\/\">Simples Nacional,<\/a>&nbsp;desde que o vencimento tenha ocorrido at\u00e9 o m\u00eas imediatamente anterior \u00e0 entrada em vigor da lei.<\/p>\n\n\n\n<p>\u201cO programa da PGFN abrange apenas os d\u00e9bitos inscritos em d\u00edvida ativa, ou seja, aqueles que j\u00e1 tiveram o acr\u00e9scimo de 20% de multas e encargos legais, n\u00e3o havendo qualquer previs\u00e3o acerca dos d\u00e9bitos que se encontram em fase de cobran\u00e7a na Receita Federal. Al\u00e9m disso, a portaria da PGFN prev\u00ea a possibilidade de parcelamento em at\u00e9 no m\u00e1ximo 145 meses, enquanto o PL 46\/21 proporcionava o parcelamento em at\u00e9 188 meses\u201d, diz Mariana Rodrigues, do Finocchio &amp; Ustra Advogados.<\/p>\n\n\n\n<h3 class=\"wp-block-heading\"><strong>Transa\u00e7\u00e3o tribut\u00e1ria PGFN<\/strong><\/h3>\n\n\n\n<p>A PGFN informou que o prazo pela op\u00e7\u00e3o pelo regime do&nbsp;<a href=\"https:\/\/www.contabeis.com.br\/tributario\/simples_nacional\/\">Simples Nacional,<\/a>&nbsp;que tem como um de seus requisitos a regularidade fiscal, termina em 31 de janeiro. Portanto, a transa\u00e7\u00e3o tribut\u00e1ria \u00e9 uma oportunidade para empresas que est\u00e3o inscritas em d\u00edvida ativa.<\/p>\n\n\n\n<p>A procuradoria ressaltou que monitora constantemente o cen\u00e1rio econ\u00f4mico e fiscal, buscando ofertar condi\u00e7\u00f5es que viabilizem a regulariza\u00e7\u00e3o pelos contribuintes, em especial aqueles cuja situa\u00e7\u00e3o foi abalada pela pandemia de Covid-19.<\/p>\n\n\n\n<p>\u201cAssim, com objetivo de atender a mesma necessidade identificada pelo Parlamento ao aprovar o PLP 46\/2021, bem como \u00e0 diretriz contida na Constitui\u00e7\u00e3o Federal de tratamento diferenciado \u00e0s micro e pequenas empresas, a PGFN, utilizando o instituto da transa\u00e7\u00e3o tribut\u00e1ria regulamentado pela Lei 13.988, de 2020, publicou duas novas modalidades de negocia\u00e7\u00e3o de d\u00e9bitos apurados no regime do&nbsp;<a href=\"https:\/\/www.contabeis.com.br\/tributario\/simples_nacional\/\">Simples Nacional<\/a>&nbsp;inscritos em d\u00edvida ativa da Uni\u00e3o, que se somam \u00e0s outras modalidades de negocia\u00e7\u00e3o previstas no Programa de Retomada Fiscal da PGFN\u201d, informou o \u00f3rg\u00e3o.<\/p>\n\n\n\n<p><em>Com informa\u00e7\u00f5es do Jota<\/em><\/p>\n","protected":false},"excerpt":{"rendered":"<p>Especialista explica que a transa\u00e7\u00e3o tribut\u00e1ria proposta pela PGFN n\u00e3o substitui o Refis, programa que permitia a renegocia\u00e7\u00e3o de qualquer d\u00edvida do Simples Nacional. A Transa\u00e7\u00e3o tribut\u00e1ria anunciada na \u00faltima ter\u00e7a-feira (11) pela Procuradoria-Geral da Fazenda Nacional (PGFN) n\u00e3o deve substituir o programa de parcelamento de d\u00edvidas para empresas do&nbsp;Simples Nacional&nbsp;e microempreendedores individuais, o&nbsp;Refis. O [&hellip;]<\/p>\n","protected":false},"author":2,"featured_media":1853,"comment_status":"open","ping_status":"open","sticky":false,"template":"","format":"standard","meta":{"footnotes":""},"categories":[1],"tags":[],"class_list":["post-1852","post","type-post","status-publish","format-standard","has-post-thumbnail","hentry","category-uncategorized"],"_links":{"self":[{"href":"https:\/\/interaudit.com.br\/index.php\/wp-json\/wp\/v2\/posts\/1852","targetHints":{"allow":["GET"]}}],"collection":[{"href":"https:\/\/interaudit.com.br\/index.php\/wp-json\/wp\/v2\/posts"}],"about":[{"href":"https:\/\/interaudit.com.br\/index.php\/wp-json\/wp\/v2\/types\/post"}],"author":[{"embeddable":true,"href":"https:\/\/interaudit.com.br\/index.php\/wp-json\/wp\/v2\/users\/2"}],"replies":[{"embeddable":true,"href":"https:\/\/interaudit.com.br\/index.php\/wp-json\/wp\/v2\/comments?post=1852"}],"version-history":[{"count":1,"href":"https:\/\/interaudit.com.br\/index.php\/wp-json\/wp\/v2\/posts\/1852\/revisions"}],"predecessor-version":[{"id":1854,"href":"https:\/\/interaudit.com.br\/index.php\/wp-json\/wp\/v2\/posts\/1852\/revisions\/1854"}],"wp:featuredmedia":[{"embeddable":true,"href":"https:\/\/interaudit.com.br\/index.php\/wp-json\/wp\/v2\/media\/1853"}],"wp:attachment":[{"href":"https:\/\/interaudit.com.br\/index.php\/wp-json\/wp\/v2\/media?parent=1852"}],"wp:term":[{"taxonomy":"category","embeddable":true,"href":"https:\/\/interaudit.com.br\/index.php\/wp-json\/wp\/v2\/categories?post=1852"},{"taxonomy":"post_tag","embeddable":true,"href":"https:\/\/interaudit.com.br\/index.php\/wp-json\/wp\/v2\/tags?post=1852"}],"curies":[{"name":"wp","href":"https:\/\/api.w.org\/{rel}","templated":true}]}}