{"id":1838,"date":"2022-01-10T18:52:46","date_gmt":"2022-01-10T18:52:46","guid":{"rendered":"https:\/\/interaudit.com.br\/?p=1838"},"modified":"2022-01-10T18:52:48","modified_gmt":"2022-01-10T18:52:48","slug":"refis-veto-pode-prorrogar-prazo-de-adesao-ao-simples-nacional","status":"publish","type":"post","link":"https:\/\/interaudit.com.br\/index.php\/2022\/01\/10\/refis-veto-pode-prorrogar-prazo-de-adesao-ao-simples-nacional\/","title":{"rendered":"Refis: veto pode prorrogar prazo de ades\u00e3o ao Simples Nacional"},"content":{"rendered":"\n<p>O Comit\u00ea Gestor do Simples Nacional avalia que a prorroga\u00e7\u00e3o da ades\u00e3o \u00e9 necess\u00e1ria para dar tempo para uma negocia\u00e7\u00e3o jur\u00eddica e legislativa.<\/p>\n\n\n\n<p>Na \u00faltima sexta-feira (7) o presidente Jair Bolsonaro vetou o Projeto de Lei 46\/2021 que permite o parcelamento de d\u00edvidas tribut\u00e1rias para as micro e pequenas empresas do&nbsp;<a href=\"https:\/\/www.contabeis.com.br\/tributario\/simples_nacional\/\">Simples Nacional,<\/a>&nbsp;o&nbsp;<a href=\"https:\/\/www.contabeis.com.br\/tributario\/refis\/\">Refis.<\/a><\/p>\n\n\n\n<p>De acordo com a publica\u00e7\u00e3o, o texto \u00e9 inconstitucional e contraria o interesse p\u00fablico, uma vez que implicaria em ren\u00fancia de receita. Al\u00e9m disso, segundo o texto, sem a compensa\u00e7\u00e3o financeira, o texto fere a Lei de Responsabilidade Fiscal.<\/p>\n\n\n\n<p>Com a decis\u00e3o, o prazo de ades\u00e3o ao regime tribut\u00e1rio do&nbsp;<a href=\"https:\/\/www.contabeis.com.br\/tributario\/simples_nacional\/\">Simples Nacional,<\/a>&nbsp;que termina no dia 31 de janeiro, pode ser prorrogado.&nbsp;<\/p>\n\n\n\n<p>O Comit\u00ea Gestor do&nbsp;<a href=\"https:\/\/www.contabeis.com.br\/tributario\/simples_nacional\/\">Simples Nacional,<\/a>&nbsp;formado por representantes da Receita, de Estados, munic\u00edpios e contribuintes, avalia que a medida \u00e9 necess\u00e1ria para dar tempo para uma negocia\u00e7\u00e3o jur\u00eddica e legislativa.<\/p>\n\n\n\n<p>Afinal, os empres\u00e1rios aguardavam a san\u00e7\u00e3o da lei do&nbsp;<a href=\"https:\/\/www.contabeis.com.br\/tributario\/refis\/\">Refis,<\/a>&nbsp;aprovada em dezembro de 2021 pelo Congresso, para aderir ao programa de parcelamento de d\u00e9bitos, regularizar sua situa\u00e7\u00e3o e, assim, ter permiss\u00e3o para se inscrever no Simples.<\/p>\n\n\n\n<h3 class=\"wp-block-heading\"><strong>Prorroga\u00e7\u00e3o de ades\u00e3o do Simples Nacional<\/strong><\/h3>\n\n\n\n<p>Segundo o relator do projeto na C\u00e2mara, deputado Marco Bertaiolli, o primeiro caminho \u00e9 o governo postergar o prazo do dia 31 de janeiro, depois derrubar o veto e, em seguida, buscar uma an\u00e1lise junto ao STF e ao TSE em rela\u00e7\u00e3o ao argumento do governo de que a lei eleitoral impede a concess\u00e3o de benef\u00edcios de perd\u00e3o de d\u00edvida em ano de elei\u00e7\u00f5es.<\/p>\n\n\n\n<p>No Minist\u00e9rio da Economia, por\u00e9m, o&nbsp;<a href=\"https:\/\/www.contabeis.com.br\/tributario\/refis\/\">Refis<\/a>&nbsp;n\u00e3o \u00e9 visto com bons olhos. A equipe econ\u00f4mica, inclusive, barrou a aprova\u00e7\u00e3o da medida para m\u00e9dias e grandes empresas pela C\u00e2mara nos \u00faltimos dias de vota\u00e7\u00e3o em 2021.<\/p>\n\n\n\n<p>O analista do Senado e especialista em contas p\u00fablicas Leonardo Ribeiro diz que o&nbsp;<a href=\"https:\/\/www.contabeis.com.br\/tributario\/refis\/\">Refis<\/a>&nbsp;n\u00e3o \u00e9 uma ren\u00fancia tribut\u00e1ria e que, por isso, n\u00e3o precisaria de medida compensat\u00f3ria para arcar com a perda de arrecada\u00e7\u00e3o para atender a Lei de Responsabilidade Fiscal.&nbsp;<\/p>\n\n\n\n<p>\u201cO&nbsp;<a href=\"https:\/\/www.contabeis.com.br\/tributario\/refis\/\">Refis<\/a>&nbsp;da anistia na parte de&nbsp;<a href=\"https:\/\/www.contabeis.com.br\/economia\/juros\/\">juros<\/a>&nbsp;e multas que n\u00e3o t\u00eam natureza tribut\u00e1ria\u201d, afirmou ele. \u201cN\u00e3o existe perd\u00e3o da multa. Se o contribuinte para de pagar, ele sai do programa.\u201d<\/p>\n","protected":false},"excerpt":{"rendered":"<p>O Comit\u00ea Gestor do Simples Nacional avalia que a prorroga\u00e7\u00e3o da ades\u00e3o \u00e9 necess\u00e1ria para dar tempo para uma negocia\u00e7\u00e3o jur\u00eddica e legislativa. Na \u00faltima sexta-feira (7) o presidente Jair Bolsonaro vetou o Projeto de Lei 46\/2021 que permite o parcelamento de d\u00edvidas tribut\u00e1rias para as micro e pequenas empresas do&nbsp;Simples Nacional,&nbsp;o&nbsp;Refis. De acordo com [&hellip;]<\/p>\n","protected":false},"author":2,"featured_media":1839,"comment_status":"open","ping_status":"open","sticky":false,"template":"","format":"standard","meta":{"footnotes":""},"categories":[1],"tags":[],"class_list":["post-1838","post","type-post","status-publish","format-standard","has-post-thumbnail","hentry","category-uncategorized"],"_links":{"self":[{"href":"https:\/\/interaudit.com.br\/index.php\/wp-json\/wp\/v2\/posts\/1838","targetHints":{"allow":["GET"]}}],"collection":[{"href":"https:\/\/interaudit.com.br\/index.php\/wp-json\/wp\/v2\/posts"}],"about":[{"href":"https:\/\/interaudit.com.br\/index.php\/wp-json\/wp\/v2\/types\/post"}],"author":[{"embeddable":true,"href":"https:\/\/interaudit.com.br\/index.php\/wp-json\/wp\/v2\/users\/2"}],"replies":[{"embeddable":true,"href":"https:\/\/interaudit.com.br\/index.php\/wp-json\/wp\/v2\/comments?post=1838"}],"version-history":[{"count":1,"href":"https:\/\/interaudit.com.br\/index.php\/wp-json\/wp\/v2\/posts\/1838\/revisions"}],"predecessor-version":[{"id":1840,"href":"https:\/\/interaudit.com.br\/index.php\/wp-json\/wp\/v2\/posts\/1838\/revisions\/1840"}],"wp:featuredmedia":[{"embeddable":true,"href":"https:\/\/interaudit.com.br\/index.php\/wp-json\/wp\/v2\/media\/1839"}],"wp:attachment":[{"href":"https:\/\/interaudit.com.br\/index.php\/wp-json\/wp\/v2\/media?parent=1838"}],"wp:term":[{"taxonomy":"category","embeddable":true,"href":"https:\/\/interaudit.com.br\/index.php\/wp-json\/wp\/v2\/categories?post=1838"},{"taxonomy":"post_tag","embeddable":true,"href":"https:\/\/interaudit.com.br\/index.php\/wp-json\/wp\/v2\/tags?post=1838"}],"curies":[{"name":"wp","href":"https:\/\/api.w.org\/{rel}","templated":true}]}}