{"id":1798,"date":"2022-01-04T19:35:07","date_gmt":"2022-01-04T19:35:07","guid":{"rendered":"https:\/\/interaudit.com.br\/?p=1798"},"modified":"2022-01-04T19:35:09","modified_gmt":"2022-01-04T19:35:09","slug":"desoneracao-da-folha-apos-consultar-tcu-governo-diz-que-medida-nao-carece-de-compensacao-fiscal","status":"publish","type":"post","link":"https:\/\/interaudit.com.br\/index.php\/2022\/01\/04\/desoneracao-da-folha-apos-consultar-tcu-governo-diz-que-medida-nao-carece-de-compensacao-fiscal\/","title":{"rendered":"Desonera\u00e7\u00e3o da folha: ap\u00f3s consultar TCU, governo diz que medida n\u00e3o carece de compensa\u00e7\u00e3o fiscal"},"content":{"rendered":"\n<p>Pela desonera\u00e7\u00e3o da folha, as empresas beneficiadas recolhem al\u00edquotas de 1% a 4,5% sobre o faturamento, em vez de 20% sobre a folha de sal\u00e1rios.<\/p>\n\n\n\n<p>Na \u00faltima sexta-feira (31), o presidente Jair Bolsonaro sancionou a medida que prorroga por dois anos a desonera\u00e7\u00e3o da&nbsp;<a href=\"https:\/\/www.contabeis.com.br\/trabalhista\/folha_de_pagamento\/\">folha de pagamento<\/a>&nbsp;para 17 setores da economia. Esses setores s\u00e3o considerados os que mais empregam no pa\u00eds e o governo federal informou, por meio de nota no s\u00e1bado (1\u00ba), que n\u00e3o ser\u00e1 preciso compensa\u00e7\u00e3o fiscal para a medida.&nbsp;<\/p>\n\n\n\n<p>Na nota, o governo informa que fez uma consulta ao Tribunal de Contas da Uni\u00e3o (TCU) sobre a necessidade de compensa\u00e7\u00e3o da receita e que o \u00f3rg\u00e3o orientou que n\u00e3o h\u00e1 necessidade de nova medida compensat\u00f3ria (a lei j\u00e1 traz a majora\u00e7\u00e3o da Cofins-Importa\u00e7\u00e3o como compensa\u00e7\u00e3o), uma vez que \u201cse trata de prorroga\u00e7\u00e3o de benef\u00edcio fiscal j\u00e1 existente\u201d e que a medida havia sido considerada no Relat\u00f3rio de Estimativa de Receita do Projeto de Lei Or\u00e7ament\u00e1ria de 2022, feito pelo Congresso Nacional.<\/p>\n\n\n\n<p>Em compensa\u00e7\u00e3o, foi preciso editar uma Medida Provis\u00f3ria para revogar a necessidade de a Uni\u00e3o compensar o valor da desonera\u00e7\u00e3o para o Regime Geral da Previd\u00eancia Social (RGPS) por transfer\u00eancia or\u00e7ament\u00e1ria, o que, segundo texto, acabava \u201cfazendo que a mesma despesa fosse computada duas vezes dentro do or\u00e7amento\u201d.<\/p>\n\n\n\n<p>\u201cCom a corre\u00e7\u00e3o na metodologia antiga, n\u00e3o haver\u00e1 cria\u00e7\u00e3o de nova despesa or\u00e7ament\u00e1ria, o que tornou poss\u00edvel sancionar a prorroga\u00e7\u00e3o da desonera\u00e7\u00e3o com os recursos j\u00e1 existentes no or\u00e7amento. Caber\u00e1 apenas \u00e0 Receita Federal atualizar os seus demonstrativos de receita, considerando a referida prorroga\u00e7\u00e3o\u201d, diz o texto.<\/p>\n\n\n\n<p>O governo ent\u00e3o resolve o impasse relacionado \u00e0 necessidade de compensa\u00e7\u00e3o do benef\u00edcio tribut\u00e1rio, que reduz a receita da Uni\u00e3o, ao espa\u00e7o no teto de gastos, mesmo sem previs\u00e3o de impacto no Or\u00e7amento aprovado de 2022 para a desonera\u00e7\u00e3o da folha.<\/p>\n\n\n\n<h3 class=\"wp-block-heading\"><strong>Prorroga\u00e7\u00e3o do aumento da al\u00edquota&nbsp;<\/strong><\/h3>\n\n\n\n<p>A nota tamb\u00e9m destaca que a legisla\u00e7\u00e3o sancionada prorroga o aumento da al\u00edquota da Contribui\u00e7\u00e3o Social devida pelo importador de bens estrangeiros ou servi\u00e7os do exterior (Cofins-Importa\u00e7\u00e3o).<\/p>\n\n\n\n<p>A desonera\u00e7\u00e3o da folha est\u00e1 em vigor desde 2011 e beneficia as empresas ao diminuir encargos trabalhistas. Pela desonera\u00e7\u00e3o da folha, as empresas beneficiadas recolhem al\u00edquotas de 1% a 4,5% sobre o faturamento, em vez de 20% sobre a folha de sal\u00e1rios.<\/p>\n\n\n\n<p>\u201cO projeto sancionado tem capacidade de oferecer est\u00edmulos aos setores beneficiados \u00e0 necess\u00e1ria retomada da economia, principalmente, em face da diminui\u00e7\u00e3o de encargos fiscais a cargo dos empregadores\u201d, diz a nota.<\/p>\n\n\n\n<p>Os setores alcan\u00e7ados s\u00e3o: cal\u00e7ados, call center, comunica\u00e7\u00e3o, confec\u00e7\u00e3o\/vestu\u00e1rio, constru\u00e7\u00e3o civil, empresas de constru\u00e7\u00e3o e obras de infraestrutura, couro, fabrica\u00e7\u00e3o de ve\u00edculos e carro\u00e7arias, m\u00e1quinas e equipamentos, prote\u00edna animal, t\u00eaxtil, tecnologia da informa\u00e7\u00e3o (TI), tecnologia de comunica\u00e7\u00e3o (TIC), projeto de circuitos integrados, transporte metroferrovi\u00e1rio de passageiros, transporte rodovi\u00e1rio coletivo e transporte rodovi\u00e1rio de cargas.<\/p>\n\n\n\n<p>Fonte:&nbsp;<em>com informa\u00e7\u00f5es da CNN<\/em><a href=\"javascript:;\">Receba not\u00edcias no seu e-mail<\/a><\/p>\n\n\n\n<figure class=\"wp-block-image\"><img decoding=\"async\" src=\"https:\/\/www.contabeis.com.br\/assets\/img\/users\/foto528607_100.jpg\" alt=\"Ananda Santos\"\/><\/figure>\n\n\n\n<p>Publicado por<strong>ANANDA SANTOS<\/strong><\/p>\n\n\n\n<p>Jornalista<\/p>\n","protected":false},"excerpt":{"rendered":"<p>Pela desonera\u00e7\u00e3o da folha, as empresas beneficiadas recolhem al\u00edquotas de 1% a 4,5% sobre o faturamento, em vez de 20% sobre a folha de sal\u00e1rios. Na \u00faltima sexta-feira (31), o presidente Jair Bolsonaro sancionou a medida que prorroga por dois anos a desonera\u00e7\u00e3o da&nbsp;folha de pagamento&nbsp;para 17 setores da economia. Esses setores s\u00e3o considerados os [&hellip;]<\/p>\n","protected":false},"author":2,"featured_media":1799,"comment_status":"open","ping_status":"open","sticky":false,"template":"","format":"standard","meta":{"footnotes":""},"categories":[1],"tags":[],"class_list":["post-1798","post","type-post","status-publish","format-standard","has-post-thumbnail","hentry","category-uncategorized"],"_links":{"self":[{"href":"https:\/\/interaudit.com.br\/index.php\/wp-json\/wp\/v2\/posts\/1798","targetHints":{"allow":["GET"]}}],"collection":[{"href":"https:\/\/interaudit.com.br\/index.php\/wp-json\/wp\/v2\/posts"}],"about":[{"href":"https:\/\/interaudit.com.br\/index.php\/wp-json\/wp\/v2\/types\/post"}],"author":[{"embeddable":true,"href":"https:\/\/interaudit.com.br\/index.php\/wp-json\/wp\/v2\/users\/2"}],"replies":[{"embeddable":true,"href":"https:\/\/interaudit.com.br\/index.php\/wp-json\/wp\/v2\/comments?post=1798"}],"version-history":[{"count":1,"href":"https:\/\/interaudit.com.br\/index.php\/wp-json\/wp\/v2\/posts\/1798\/revisions"}],"predecessor-version":[{"id":1800,"href":"https:\/\/interaudit.com.br\/index.php\/wp-json\/wp\/v2\/posts\/1798\/revisions\/1800"}],"wp:featuredmedia":[{"embeddable":true,"href":"https:\/\/interaudit.com.br\/index.php\/wp-json\/wp\/v2\/media\/1799"}],"wp:attachment":[{"href":"https:\/\/interaudit.com.br\/index.php\/wp-json\/wp\/v2\/media?parent=1798"}],"wp:term":[{"taxonomy":"category","embeddable":true,"href":"https:\/\/interaudit.com.br\/index.php\/wp-json\/wp\/v2\/categories?post=1798"},{"taxonomy":"post_tag","embeddable":true,"href":"https:\/\/interaudit.com.br\/index.php\/wp-json\/wp\/v2\/tags?post=1798"}],"curies":[{"name":"wp","href":"https:\/\/api.w.org\/{rel}","templated":true}]}}