{"id":1752,"date":"2021-12-14T19:56:49","date_gmt":"2021-12-14T19:56:49","guid":{"rendered":"https:\/\/interaudit.com.br\/?p=1752"},"modified":"2021-12-14T19:56:51","modified_gmt":"2021-12-14T19:56:51","slug":"inflacao-do-natal-de-2021-e-a-mais-alta-dos-ultimos-tres-anos-puxada-por-presentes-e-alimentos-tipicos-da-festividade","status":"publish","type":"post","link":"https:\/\/interaudit.com.br\/index.php\/2021\/12\/14\/inflacao-do-natal-de-2021-e-a-mais-alta-dos-ultimos-tres-anos-puxada-por-presentes-e-alimentos-tipicos-da-festividade\/","title":{"rendered":"Infla\u00e7\u00e3o do Natal de 2021 \u00e9 a mais alta dos \u00faltimos tr\u00eas anos, puxada por presentes e alimentos t\u00edpicos da festividade"},"content":{"rendered":"\n<p>Pesquisa registrou alta de 5,39% no acumulado dos \u00faltimos 12 meses.<\/p>\n\n\n\n<p>Alimentos t\u00edpicos para a ceia de Natal e presentes est\u00e3o aumentando a infla\u00e7\u00e3o da \u00e9poca, que registrou alta de 5,39% no acumulado dos \u00faltimos 12 meses. A eleva\u00e7\u00e3o foi notada pelo levantamento realizado pelo Instituto Brasileiro de Economia, da Funda\u00e7\u00e3o Get\u00falio Vargas (FGV\/Ibre) e divulgado no dia 13 de dezembro.<\/p>\n\n\n\n<p>Embora os produtos tenham variado menos que o \u00cdndice de Pre\u00e7os ao Consumidor (IPC), que tem infla\u00e7\u00e3o geral registrada no per\u00edodo de 9,88%, a infla\u00e7\u00e3o apontada neste natal \u00e9 a mais alta dos \u00faltimos tr\u00eas anos.<\/p>\n\n\n\n<p>O indicador acabou sendo puxado principalmente pelos alimentos que comp\u00f5em a ceia, com varia\u00e7\u00e3o m\u00e9dia de 7,93%, como o frango que teve varia\u00e7\u00e3o de 24,2% e as carnes bovinas com 14,7%, fazendo com que as fam\u00edlias precisem pensar melhor no que v\u00e3o servir no feriado.<\/p>\n\n\n\n<p>Os presentes dados no per\u00edodo tamb\u00e9m t\u00eam valores maiores neste ano, com m\u00e9dia de varia\u00e7\u00e3o de produtos mais procurados em 3,39%, contra 1,39% do ano passado. O principal setor que contribuiu para essa m\u00e9dia foi o de vestu\u00e1rio com 4,80%, seguido por acess\u00f3rios 2,57%.<\/p>\n\n\n\n<p>Os computadores marcam a maior alta na lista dos presentes desejados no Natal, com 7,56% de aumento, seguido por roupas masculinas com 6% e cal\u00e7ados 5,9%.<\/p>\n","protected":false},"excerpt":{"rendered":"<p>Pesquisa registrou alta de 5,39% no acumulado dos \u00faltimos 12 meses. Alimentos t\u00edpicos para a ceia de Natal e presentes est\u00e3o aumentando a infla\u00e7\u00e3o da \u00e9poca, que registrou alta de 5,39% no acumulado dos \u00faltimos 12 meses. A eleva\u00e7\u00e3o foi notada pelo levantamento realizado pelo Instituto Brasileiro de Economia, da Funda\u00e7\u00e3o Get\u00falio Vargas (FGV\/Ibre) e [&hellip;]<\/p>\n","protected":false},"author":2,"featured_media":1753,"comment_status":"open","ping_status":"open","sticky":false,"template":"","format":"standard","meta":{"footnotes":""},"categories":[1],"tags":[],"class_list":["post-1752","post","type-post","status-publish","format-standard","has-post-thumbnail","hentry","category-uncategorized"],"_links":{"self":[{"href":"https:\/\/interaudit.com.br\/index.php\/wp-json\/wp\/v2\/posts\/1752","targetHints":{"allow":["GET"]}}],"collection":[{"href":"https:\/\/interaudit.com.br\/index.php\/wp-json\/wp\/v2\/posts"}],"about":[{"href":"https:\/\/interaudit.com.br\/index.php\/wp-json\/wp\/v2\/types\/post"}],"author":[{"embeddable":true,"href":"https:\/\/interaudit.com.br\/index.php\/wp-json\/wp\/v2\/users\/2"}],"replies":[{"embeddable":true,"href":"https:\/\/interaudit.com.br\/index.php\/wp-json\/wp\/v2\/comments?post=1752"}],"version-history":[{"count":1,"href":"https:\/\/interaudit.com.br\/index.php\/wp-json\/wp\/v2\/posts\/1752\/revisions"}],"predecessor-version":[{"id":1754,"href":"https:\/\/interaudit.com.br\/index.php\/wp-json\/wp\/v2\/posts\/1752\/revisions\/1754"}],"wp:featuredmedia":[{"embeddable":true,"href":"https:\/\/interaudit.com.br\/index.php\/wp-json\/wp\/v2\/media\/1753"}],"wp:attachment":[{"href":"https:\/\/interaudit.com.br\/index.php\/wp-json\/wp\/v2\/media?parent=1752"}],"wp:term":[{"taxonomy":"category","embeddable":true,"href":"https:\/\/interaudit.com.br\/index.php\/wp-json\/wp\/v2\/categories?post=1752"},{"taxonomy":"post_tag","embeddable":true,"href":"https:\/\/interaudit.com.br\/index.php\/wp-json\/wp\/v2\/tags?post=1752"}],"curies":[{"name":"wp","href":"https:\/\/api.w.org\/{rel}","templated":true}]}}