{"id":1530,"date":"2021-10-13T18:26:09","date_gmt":"2021-10-13T18:26:09","guid":{"rendered":"https:\/\/interaudit.com.br\/?p=1530"},"modified":"2021-10-13T18:26:10","modified_gmt":"2021-10-13T18:26:10","slug":"esocial-modulos-web-simplificados-devem-ficar-indisponiveis-ate-o-dia-25","status":"publish","type":"post","link":"https:\/\/interaudit.com.br\/index.php\/2021\/10\/13\/esocial-modulos-web-simplificados-devem-ficar-indisponiveis-ate-o-dia-25\/","title":{"rendered":"eSocial: m\u00f3dulos web simplificados devem ficar indispon\u00edveis at\u00e9 o dia 25"},"content":{"rendered":"\n<p>eSocial estar\u00e1 indispon\u00edvel para viabilizar a entrada de novos grupos e atualizar altera\u00e7\u00f5es previstas pelas Notas T\u00e9cnicas NT S-1.0 n\u00ba 03\/2021 e NT 2.5 n\u00ba 22\/2021.<\/p>\n\n\n\n<p>A funcionalidade de&nbsp;<a href=\"https:\/\/www.contabeis.com.br\/trabalhista\/folha_de_pagamento\/\">folha de pagamento<\/a>&nbsp;de outubro\/21 dos m\u00f3dulos simplificados do&nbsp;<a href=\"https:\/\/www.contabeis.com.br\/trabalhista\/esocial\/\">eSocial,<\/a>&nbsp;inclusive o m\u00f3dulo dom\u00e9stico, ficar\u00e3o indispon\u00edveis at\u00e9 o dia 25 deste m\u00eas.<\/p>\n\n\n\n<p>O sistema est\u00e1 passando por uma atualiza\u00e7\u00e3o para viabilizar a entrada de novos grupos do&nbsp;<a href=\"https:\/\/www.contabeis.com.br\/trabalhista\/esocial\/\">eSocial<\/a>&nbsp;e para aplicar as altera\u00e7\u00f5es previstas pelas Notas T\u00e9cnicas NT S-1.0 n\u00ba 03\/2021 e NT 2.5 n\u00ba 22\/2021.&nbsp;<\/p>\n\n\n\n<h3 class=\"wp-block-heading\"><strong>M\u00f3dulos web simplificados<\/strong><\/h3>\n\n\n\n<p>A&nbsp;<a href=\"https:\/\/www.contabeis.com.br\/trabalhista\/folha_de_pagamento\/\">folha de pagamento<\/a>&nbsp;do m\u00eas de outubro\/2021 de todos os m\u00f3dulos web simplificados (com vencimento em 07 de novembro) estar\u00e1 temporariamente indispon\u00edvel durante o per\u00edodo de manuten\u00e7\u00e3o, com previs\u00e3o de retorno no dia 25\/10.&nbsp;<\/p>\n\n\n\n<p>Isso inclui o m\u00f3dulo web dom\u00e9stico, o app do Empregador Dom\u00e9stico para celular, o m\u00f3dulo web&nbsp;<a href=\"https:\/\/www.contabeis.com.br\/tributario\/mei\/\">MEI<\/a>&nbsp;\u2013 Microempreendedor Individual, e o m\u00f3dulo para o Segurado Especial. As folhas dos demais meses, bem como as outras ferramentas do sistema, estar\u00e3o dispon\u00edveis e poder\u00e3o ser usadas normalmente.<\/p>\n\n\n\n<h3 class=\"wp-block-heading\"><strong>Web service<\/strong><\/h3>\n\n\n\n<p>Durante o per\u00edodo de manuten\u00e7\u00e3o programada, tamb\u00e9m n\u00e3o ser\u00e1 poss\u00edvel encerrar as folhas de pagamento da compet\u00eancia outubro\/21. A libera\u00e7\u00e3o est\u00e1 prevista para o pr\u00f3ximo dia 25\/10.&nbsp;<\/p>\n\n\n\n<p>Os empregadores&nbsp;<a href=\"https:\/\/www.contabeis.com.br\/tributario\/mei\/\">MEI<\/a>&nbsp;ou Segurados Especiais que prestam suas informa\u00e7\u00f5es de folha por meio do WS conseguir\u00e3o transmitir eventos de remunera\u00e7\u00e3o, mas n\u00e3o encerrar a folha de outubro\/21.<\/p>\n","protected":false},"excerpt":{"rendered":"<p>eSocial estar\u00e1 indispon\u00edvel para viabilizar a entrada de novos grupos e atualizar altera\u00e7\u00f5es previstas pelas Notas T\u00e9cnicas NT S-1.0 n\u00ba 03\/2021 e NT 2.5 n\u00ba 22\/2021. A funcionalidade de&nbsp;folha de pagamento&nbsp;de outubro\/21 dos m\u00f3dulos simplificados do&nbsp;eSocial,&nbsp;inclusive o m\u00f3dulo dom\u00e9stico, ficar\u00e3o indispon\u00edveis at\u00e9 o dia 25 deste m\u00eas. O sistema est\u00e1 passando por uma atualiza\u00e7\u00e3o para [&hellip;]<\/p>\n","protected":false},"author":2,"featured_media":1531,"comment_status":"open","ping_status":"open","sticky":false,"template":"","format":"standard","meta":{"footnotes":""},"categories":[1],"tags":[],"class_list":["post-1530","post","type-post","status-publish","format-standard","has-post-thumbnail","hentry","category-uncategorized"],"_links":{"self":[{"href":"https:\/\/interaudit.com.br\/index.php\/wp-json\/wp\/v2\/posts\/1530","targetHints":{"allow":["GET"]}}],"collection":[{"href":"https:\/\/interaudit.com.br\/index.php\/wp-json\/wp\/v2\/posts"}],"about":[{"href":"https:\/\/interaudit.com.br\/index.php\/wp-json\/wp\/v2\/types\/post"}],"author":[{"embeddable":true,"href":"https:\/\/interaudit.com.br\/index.php\/wp-json\/wp\/v2\/users\/2"}],"replies":[{"embeddable":true,"href":"https:\/\/interaudit.com.br\/index.php\/wp-json\/wp\/v2\/comments?post=1530"}],"version-history":[{"count":1,"href":"https:\/\/interaudit.com.br\/index.php\/wp-json\/wp\/v2\/posts\/1530\/revisions"}],"predecessor-version":[{"id":1532,"href":"https:\/\/interaudit.com.br\/index.php\/wp-json\/wp\/v2\/posts\/1530\/revisions\/1532"}],"wp:featuredmedia":[{"embeddable":true,"href":"https:\/\/interaudit.com.br\/index.php\/wp-json\/wp\/v2\/media\/1531"}],"wp:attachment":[{"href":"https:\/\/interaudit.com.br\/index.php\/wp-json\/wp\/v2\/media?parent=1530"}],"wp:term":[{"taxonomy":"category","embeddable":true,"href":"https:\/\/interaudit.com.br\/index.php\/wp-json\/wp\/v2\/categories?post=1530"},{"taxonomy":"post_tag","embeddable":true,"href":"https:\/\/interaudit.com.br\/index.php\/wp-json\/wp\/v2\/tags?post=1530"}],"curies":[{"name":"wp","href":"https:\/\/api.w.org\/{rel}","templated":true}]}}