{"id":1512,"date":"2021-10-05T19:20:24","date_gmt":"2021-10-05T19:20:24","guid":{"rendered":"https:\/\/interaudit.com.br\/?p=1512"},"modified":"2021-10-05T19:20:26","modified_gmt":"2021-10-05T19:20:26","slug":"empresas-tem-menos-de-uma-semana-para-cumprirem-prazo-da-ecf-e-da-lei-do-bem-3","status":"publish","type":"post","link":"https:\/\/interaudit.com.br\/index.php\/2021\/10\/05\/empresas-tem-menos-de-uma-semana-para-cumprirem-prazo-da-ecf-e-da-lei-do-bem-3\/","title":{"rendered":"Empresas tem menos de uma semana para cumprirem prazo da ECF e da Lei do Bem"},"content":{"rendered":"\n<p>Presta\u00e7\u00e3o de contas ao fisco e solicita\u00e7\u00e3o do incentivo fiscal est\u00e3o entre as principais demandas tribut\u00e1rias do ano que devem ser entregues at\u00e9 dia 30 de setembro.<\/p>\n\n\n\n<p>Empresas de m\u00e9dio e grande porte devem ficar atentas para dois importantes prazos que vencem neste 30 de setembro, pr\u00f3xima quinta-feira. O primeiro \u00e9 a Escritura\u00e7\u00e3o Cont\u00e1bil Fiscal (ECF), em que as pessoas jur\u00eddicas declaram sua apura\u00e7\u00e3o do&nbsp;<a href=\"https:\/\/www.contabeis.com.br\/tributario\/imposto_de_renda\/\">Imposto de Renda<\/a>&nbsp;e a Contribui\u00e7\u00e3o Social sobre Lucro L\u00edquido.<\/p>\n\n\n\n<p>\u201cEssa \u00e9 a principal obriga\u00e7\u00e3o das organiza\u00e7\u00f5es ao fisco federal, e as empresas que perdem a data limite ficam sujeitas a multas que variam conforme o faturamento e tempo de atraso\u201d, explica o advogado Amauri Melo, do Departamento Tribut\u00e1rio da Andersen Ball\u00e3o Advocacia. \u00c9 importante que a empresa conte com aux\u00edlio profissional no preenchimento das informa\u00e7\u00f5es, inclusive para a revis\u00e3o do c\u00e1lculo, se necess\u00e1rio.<\/p>\n\n\n\n<p>Tamb\u00e9m no dia 30 de setembro termina o prazo para solicitar os benef\u00edcios fiscais do Programa de Pesquisa, Desenvolvimento e Inova\u00e7\u00e3o (P&amp;DI), conhecido como \u201cLei do Bem\u201d. Voltado \u00e0s empresas que tributam pelo&nbsp;<a href=\"https:\/\/www.contabeis.com.br\/tributario\/lucro_real\/\">lucro real,<\/a>&nbsp;ele traz incentivos a investimentos com o desenvolvimento de inova\u00e7\u00f5es para cria\u00e7\u00e3o de um novo produto ou processo de fabrica\u00e7\u00e3o, bem como a agrega\u00e7\u00e3o de novas funcionalidades que tragam maior qualidade ou produtividade ou reduzam custos, atrav\u00e9s de testes, ensaios e pesquisas t\u00e9cnicas.<\/p>\n\n\n\n<p>As informa\u00e7\u00f5es devem ser enviadas em formul\u00e1rio eletr\u00f4nico do Minist\u00e9rio da Ci\u00eancia, Tecnologia e Inova\u00e7\u00f5es (MCTI). Como se trata de um pleito, ele precisa ser aprovado para que se possa fazer uso do benef\u00edcio fiscal (IRPJ\/CSLL) \u2013 da\u00ed a import\u00e2ncia de se preencher a solicita\u00e7\u00e3o da melhor forma poss\u00edvel.<\/p>\n\n\n\n<p>&#8220;Essa \u00e9 uma excelente oportunidade, para as empresas que apuraram lucro tribut\u00e1vel, de reduzir o valor do IR e da&nbsp;<a href=\"https:\/\/www.contabeis.com.br\/tributario\/csll\/\">CSLL<\/a>&nbsp;a pagar\u201d, explica o advogado. \u201cPercebemos que muitas empresas nem sabem que t\u00eam esse direito, pois o conceito de inova\u00e7\u00e3o para fins da legisla\u00e7\u00e3o tribut\u00e1ria \u00e9 amplo\u201d, ele pontua.<\/p>\n\n\n\n<p><em>Com informa\u00e7\u00f5es Andersen Ball\u00e3o Advocacia<\/em><\/p>\n","protected":false},"excerpt":{"rendered":"<p>Presta\u00e7\u00e3o de contas ao fisco e solicita\u00e7\u00e3o do incentivo fiscal est\u00e3o entre as principais demandas tribut\u00e1rias do ano que devem ser entregues at\u00e9 dia 30 de setembro. Empresas de m\u00e9dio e grande porte devem ficar atentas para dois importantes prazos que vencem neste 30 de setembro, pr\u00f3xima quinta-feira. O primeiro \u00e9 a Escritura\u00e7\u00e3o Cont\u00e1bil Fiscal [&hellip;]<\/p>\n","protected":false},"author":2,"featured_media":1514,"comment_status":"open","ping_status":"open","sticky":false,"template":"","format":"standard","meta":{"footnotes":""},"categories":[1],"tags":[],"class_list":["post-1512","post","type-post","status-publish","format-standard","has-post-thumbnail","hentry","category-uncategorized"],"_links":{"self":[{"href":"https:\/\/interaudit.com.br\/index.php\/wp-json\/wp\/v2\/posts\/1512","targetHints":{"allow":["GET"]}}],"collection":[{"href":"https:\/\/interaudit.com.br\/index.php\/wp-json\/wp\/v2\/posts"}],"about":[{"href":"https:\/\/interaudit.com.br\/index.php\/wp-json\/wp\/v2\/types\/post"}],"author":[{"embeddable":true,"href":"https:\/\/interaudit.com.br\/index.php\/wp-json\/wp\/v2\/users\/2"}],"replies":[{"embeddable":true,"href":"https:\/\/interaudit.com.br\/index.php\/wp-json\/wp\/v2\/comments?post=1512"}],"version-history":[{"count":1,"href":"https:\/\/interaudit.com.br\/index.php\/wp-json\/wp\/v2\/posts\/1512\/revisions"}],"predecessor-version":[{"id":1515,"href":"https:\/\/interaudit.com.br\/index.php\/wp-json\/wp\/v2\/posts\/1512\/revisions\/1515"}],"wp:featuredmedia":[{"embeddable":true,"href":"https:\/\/interaudit.com.br\/index.php\/wp-json\/wp\/v2\/media\/1514"}],"wp:attachment":[{"href":"https:\/\/interaudit.com.br\/index.php\/wp-json\/wp\/v2\/media?parent=1512"}],"wp:term":[{"taxonomy":"category","embeddable":true,"href":"https:\/\/interaudit.com.br\/index.php\/wp-json\/wp\/v2\/categories?post=1512"},{"taxonomy":"post_tag","embeddable":true,"href":"https:\/\/interaudit.com.br\/index.php\/wp-json\/wp\/v2\/tags?post=1512"}],"curies":[{"name":"wp","href":"https:\/\/api.w.org\/{rel}","templated":true}]}}