{"id":1472,"date":"2021-10-01T13:27:50","date_gmt":"2021-10-01T13:27:50","guid":{"rendered":"https:\/\/interaudit.com.br\/?p=1472"},"modified":"2021-10-01T13:27:52","modified_gmt":"2021-10-01T13:27:52","slug":"ir-lider-do-governo-afirma-que-reforma-vai-dobrar-numero-de-contribuintes-isentos","status":"publish","type":"post","link":"https:\/\/interaudit.com.br\/index.php\/2021\/10\/01\/ir-lider-do-governo-afirma-que-reforma-vai-dobrar-numero-de-contribuintes-isentos\/","title":{"rendered":"IR: l\u00edder do governo afirma que reforma vai dobrar n\u00famero de contribuintes isentos"},"content":{"rendered":"\n<p>Para Fernando Bezerra Coelho, a C\u00e2mara dos Deputados conseguiu aperfei\u00e7oar o texto da Reforma Tribut\u00e1ria.<\/p>\n\n\n\n<p>Nesta ter\u00e7a-feira (28), o l\u00edder do governo no Senado, Fernando Bezerra Coelho (MDB-PE), defendeu as altera\u00e7\u00f5es feitas pela C\u00e2mara dos Deputados na reforma do&nbsp;<a href=\"https:\/\/www.contabeis.com.br\/tributario\/imposto_de_renda\/\">Imposto de Renda.<\/a><\/p>\n\n\n\n<p>Entre os trechos modificados est\u00e1 a amplia\u00e7\u00e3o da faixa de isen\u00e7\u00e3o que beneficiar\u00e1 16 milh\u00f5es de contribuintes, o dobro do n\u00famero atual de isentos.&nbsp;<\/p>\n\n\n\n<p>\u201cA mat\u00e9ria, quando foi enviada para a C\u00e2mara dos Deputados, de fato, foi uma bola quadrada, mas ao longo do debate na C\u00e2mara houve diversos aperfei\u00e7oamentos, e eu gostaria, rapidamente, sem querer esgotar o tema, destacar os principais avan\u00e7os nessa mat\u00e9ria do Imposto de Renda\u201d, disse o senador durante reuni\u00e3o da Comiss\u00e3o de Assuntos Econ\u00f4micos do Senado.&nbsp;&nbsp;<\/p>\n\n\n\n<p>\u201cN\u00f3s vamos ter praticamente dobrado o n\u00famero de brasileiros que estar\u00e3o isentos do pagamento do&nbsp;<a href=\"https:\/\/www.contabeis.com.br\/tributario\/imposto_de_renda\/\">Imposto de Renda,<\/a>&nbsp;que hoje \u00e9 algo pr\u00f3ximo a 8 milh\u00f5es de brasileiros, e n\u00f3s vamos chegar a quase 16 milh\u00f5es. Todos aqueles que t\u00eam rendimentos de at\u00e9 R$ 20 mil por m\u00eas ter\u00e3o redu\u00e7\u00e3o na carga do pagamento do Imposto de Renda\u201d, explicou.&nbsp;<\/p>\n\n\n\n<h3 class=\"wp-block-heading\"><strong>Taxa\u00e7\u00e3o de lucros<\/strong><\/h3>\n\n\n\n<p>Fernando Bezerra Coelho tamb\u00e9m destacou que, al\u00e9m das micro e pequenas empresas, est\u00e3o fora da taxa\u00e7\u00e3o de lucros e dividendos as empresas tributadas pelo&nbsp;<a href=\"https:\/\/www.contabeis.com.br\/tributario\/lucro_presumido\/\">lucro presumido<\/a>&nbsp;com faturamento de at\u00e9 R$ 4,8 milh\u00f5es.&nbsp;<\/p>\n\n\n\n<p>\u201cPortanto, s\u00f3 ter\u00e3o aumento de carga tribut\u00e1ria as empresas que n\u00e3o distribuem, as empresas que, de fato, n\u00e3o queiram reinvestir, n\u00e3o queiram promover novos empregos, novos investimentos, porque todas elas, com at\u00e9 70% do lucro distribu\u00eddo, ter\u00e3o uma carga reduzida do&nbsp;<a href=\"https:\/\/www.contabeis.com.br\/tributario\/imposto_de_renda\/\">Imposto de Renda<\/a>&nbsp;a pagar\u201d, afirmou. \u201cAs empresas afetadas s\u00e3o, sobretudos, os bancos, as empresas do setor financeiro, que v\u00e3o perder um instrumento que hoje \u00e9 muito utilizado: o dos&nbsp;<a href=\"https:\/\/www.contabeis.com.br\/economia\/juros\/\">Juros<\/a>&nbsp;sobre Capital Pr\u00f3prio.\u201d<\/p>\n\n\n\n<p>O l\u00edder acrescentou que, no Brasil, apenas 126 empresas t\u00eam faturamento superior a R$ 10 bilh\u00f5es. \u201cTemos muito poucas empresas com faturamentos expressivos na faixa de mais de R$ 5 bilh\u00f5es ou at\u00e9 mesmo uma empresa com faturamento acima de R$ 1 bilh\u00e3o. Ent\u00e3o, essas empresas ser\u00e3o chamadas, sim, a poder participar, de forma mais equitativa, de forma equ\u00e2nime, no sentido de atender ao esfor\u00e7o fiscal que o pa\u00eds vive.\u201d<\/p>\n","protected":false},"excerpt":{"rendered":"<p>Para Fernando Bezerra Coelho, a C\u00e2mara dos Deputados conseguiu aperfei\u00e7oar o texto da Reforma Tribut\u00e1ria. Nesta ter\u00e7a-feira (28), o l\u00edder do governo no Senado, Fernando Bezerra Coelho (MDB-PE), defendeu as altera\u00e7\u00f5es feitas pela C\u00e2mara dos Deputados na reforma do&nbsp;Imposto de Renda. Entre os trechos modificados est\u00e1 a amplia\u00e7\u00e3o da faixa de isen\u00e7\u00e3o que beneficiar\u00e1 16 [&hellip;]<\/p>\n","protected":false},"author":2,"featured_media":1473,"comment_status":"open","ping_status":"open","sticky":false,"template":"","format":"standard","meta":{"footnotes":""},"categories":[1],"tags":[],"class_list":["post-1472","post","type-post","status-publish","format-standard","has-post-thumbnail","hentry","category-uncategorized"],"_links":{"self":[{"href":"https:\/\/interaudit.com.br\/index.php\/wp-json\/wp\/v2\/posts\/1472","targetHints":{"allow":["GET"]}}],"collection":[{"href":"https:\/\/interaudit.com.br\/index.php\/wp-json\/wp\/v2\/posts"}],"about":[{"href":"https:\/\/interaudit.com.br\/index.php\/wp-json\/wp\/v2\/types\/post"}],"author":[{"embeddable":true,"href":"https:\/\/interaudit.com.br\/index.php\/wp-json\/wp\/v2\/users\/2"}],"replies":[{"embeddable":true,"href":"https:\/\/interaudit.com.br\/index.php\/wp-json\/wp\/v2\/comments?post=1472"}],"version-history":[{"count":1,"href":"https:\/\/interaudit.com.br\/index.php\/wp-json\/wp\/v2\/posts\/1472\/revisions"}],"predecessor-version":[{"id":1474,"href":"https:\/\/interaudit.com.br\/index.php\/wp-json\/wp\/v2\/posts\/1472\/revisions\/1474"}],"wp:featuredmedia":[{"embeddable":true,"href":"https:\/\/interaudit.com.br\/index.php\/wp-json\/wp\/v2\/media\/1473"}],"wp:attachment":[{"href":"https:\/\/interaudit.com.br\/index.php\/wp-json\/wp\/v2\/media?parent=1472"}],"wp:term":[{"taxonomy":"category","embeddable":true,"href":"https:\/\/interaudit.com.br\/index.php\/wp-json\/wp\/v2\/categories?post=1472"},{"taxonomy":"post_tag","embeddable":true,"href":"https:\/\/interaudit.com.br\/index.php\/wp-json\/wp\/v2\/tags?post=1472"}],"curies":[{"name":"wp","href":"https:\/\/api.w.org\/{rel}","templated":true}]}}