{"id":1280,"date":"2021-08-30T11:41:17","date_gmt":"2021-08-30T11:41:17","guid":{"rendered":"https:\/\/interaudit.com.br\/?p=1280"},"modified":"2021-08-30T11:41:18","modified_gmt":"2021-08-30T11:41:18","slug":"mei-saiba-como-o-esocial-simplificado-ajudara-os-pequenos-empresarios","status":"publish","type":"post","link":"https:\/\/interaudit.com.br\/index.php\/2021\/08\/30\/mei-saiba-como-o-esocial-simplificado-ajudara-os-pequenos-empresarios\/","title":{"rendered":"MEI: saiba como o eSocial simplificado ajudar\u00e1 os pequenos empres\u00e1rios"},"content":{"rendered":"\n<p>M\u00f3dulo simplificado voltado para microempreendedores individuais estar\u00e1 dispon\u00edvel a partir de outubro.<\/p>\n\n\n\n<p>A partir de outubro, o&nbsp;<a href=\"https:\/\/www.contabeis.com.br\/trabalhista\/esocial\/\">eSocial<\/a>&nbsp;ganhar\u00e1 um m\u00f3dulo simplificado para ajudar o Microempreendedor Individual&nbsp;<a href=\"https:\/\/www.contabeis.com.br\/tributario\/mei\/\">(MEI)<\/a>&nbsp;a prestar informa\u00e7\u00f5es sobre a empresa.&nbsp;<\/p>\n\n\n\n<p>Na pr\u00e1tica, ele vai estimular os pequenos empreendedores a combater a informalidade, regularizando de forma simples suas contrata\u00e7\u00f5es e postos de trabalho.<\/p>\n\n\n\n<p>O servi\u00e7o coletar\u00e1 informa\u00e7\u00f5es como cadastramento, v\u00ednculos empregat\u00edcios, contribui\u00e7\u00f5es previdenci\u00e1rias,&nbsp;<a href=\"https:\/\/www.contabeis.com.br\/trabalhista\/folha_de_pagamento\/\">folha de pagamento<\/a>&nbsp;e outras relacionadas aos funcion\u00e1rios.&nbsp;<\/p>\n\n\n\n<p>Outra vantagem ser\u00e1 a disponibilidade de gera\u00e7\u00e3o unificada e simplificada das guias para recolhimentos de contribui\u00e7\u00e3o previdenci\u00e1ria&nbsp;<a href=\"https:\/\/www.contabeis.com.br\/previdencia\/inss\/\">(INSS)<\/a>&nbsp;e&nbsp;<a href=\"https:\/\/www.contabeis.com.br\/trabalhista\/fgts\/\">FGTS,<\/a>&nbsp;por meio do Documento de Arrecada\u00e7\u00e3o do&nbsp;<a href=\"https:\/\/www.contabeis.com.br\/trabalhista\/esocial\/\">eSocial<\/a>&nbsp;(DAE).<\/p>\n\n\n\n<p>\u00c9 importante ressaltar que o&nbsp;<a href=\"https:\/\/www.contabeis.com.br\/tributario\/mei\/\">MEI<\/a>&nbsp;s\u00f3 precisar\u00e1 usar o&nbsp;<a href=\"https:\/\/www.contabeis.com.br\/trabalhista\/esocial\/\">eSocial<\/a>&nbsp;caso tenha algum empregado. Al\u00e9m dos microempreendedores, segurados especiais que trabalham em pequena produ\u00e7\u00e3o ou de forma familiar tamb\u00e9m poder\u00e3o usar o sistema.<\/p>\n\n\n\n<h3 class=\"wp-block-heading\"><strong>eSocial para MEIs<\/strong><\/h3>\n\n\n\n<p>A expectativa \u00e9 que o novo&nbsp;<a href=\"https:\/\/www.contabeis.com.br\/trabalhista\/esocial\/\">eSocial<\/a>&nbsp;reduza a burocracia e estimule mais contrata\u00e7\u00f5es nos pequenos neg\u00f3cios.&nbsp;<\/p>\n\n\n\n<p>\u201cCerca 3,5% dos 13 milh\u00f5es de&nbsp;<a href=\"https:\/\/www.contabeis.com.br\/tributario\/mei\/\">MEI<\/a>&nbsp;t\u00eam empregados contratados formalmente. Com o lan\u00e7amento, \u00e9 poss\u00edvel que muitos que j\u00e1 possuam empregados ou auxiliares n\u00e3o formalizados optem pela formaliza\u00e7\u00e3o. Isso vai gerar mais postos de emprego e beneficiar mais pessoas com os direitos previdenci\u00e1rios e trabalhistas\u201d, afirma Helena Rego, analista de pol\u00edticas p\u00fablicas do Sebrae, em comunicado \u00e0 imprensa.<\/p>\n\n\n\n<p>Para a especialista, a digitaliza\u00e7\u00e3o dos processos trabalhistas \u00e9 uma ferramenta importante para desburocratizar as rotinas do pequeno empreendedor.&nbsp;<\/p>\n\n\n\n<p>\u201cS\u00e3o trabalhadores que possuem uma rotina intensa. Muitos deles se dedicam sozinhos aos neg\u00f3cios. Com essa facilidade, aquela pessoa que, por exemplo, faz refei\u00e7\u00f5es para vender todos os dias pode contratar uma outra pessoa para ajudar e ficar\u00e1 mais simples regularizar esta m\u00e3o de obra\u201d, pontua.<\/p>\n","protected":false},"excerpt":{"rendered":"<p>M\u00f3dulo simplificado voltado para microempreendedores individuais estar\u00e1 dispon\u00edvel a partir de outubro. A partir de outubro, o&nbsp;eSocial&nbsp;ganhar\u00e1 um m\u00f3dulo simplificado para ajudar o Microempreendedor Individual&nbsp;(MEI)&nbsp;a prestar informa\u00e7\u00f5es sobre a empresa.&nbsp; Na pr\u00e1tica, ele vai estimular os pequenos empreendedores a combater a informalidade, regularizando de forma simples suas contrata\u00e7\u00f5es e postos de trabalho. O servi\u00e7o coletar\u00e1 [&hellip;]<\/p>\n","protected":false},"author":2,"featured_media":1281,"comment_status":"open","ping_status":"open","sticky":false,"template":"","format":"standard","meta":{"footnotes":""},"categories":[1],"tags":[],"class_list":["post-1280","post","type-post","status-publish","format-standard","has-post-thumbnail","hentry","category-uncategorized"],"_links":{"self":[{"href":"https:\/\/interaudit.com.br\/index.php\/wp-json\/wp\/v2\/posts\/1280","targetHints":{"allow":["GET"]}}],"collection":[{"href":"https:\/\/interaudit.com.br\/index.php\/wp-json\/wp\/v2\/posts"}],"about":[{"href":"https:\/\/interaudit.com.br\/index.php\/wp-json\/wp\/v2\/types\/post"}],"author":[{"embeddable":true,"href":"https:\/\/interaudit.com.br\/index.php\/wp-json\/wp\/v2\/users\/2"}],"replies":[{"embeddable":true,"href":"https:\/\/interaudit.com.br\/index.php\/wp-json\/wp\/v2\/comments?post=1280"}],"version-history":[{"count":1,"href":"https:\/\/interaudit.com.br\/index.php\/wp-json\/wp\/v2\/posts\/1280\/revisions"}],"predecessor-version":[{"id":1282,"href":"https:\/\/interaudit.com.br\/index.php\/wp-json\/wp\/v2\/posts\/1280\/revisions\/1282"}],"wp:featuredmedia":[{"embeddable":true,"href":"https:\/\/interaudit.com.br\/index.php\/wp-json\/wp\/v2\/media\/1281"}],"wp:attachment":[{"href":"https:\/\/interaudit.com.br\/index.php\/wp-json\/wp\/v2\/media?parent=1280"}],"wp:term":[{"taxonomy":"category","embeddable":true,"href":"https:\/\/interaudit.com.br\/index.php\/wp-json\/wp\/v2\/categories?post=1280"},{"taxonomy":"post_tag","embeddable":true,"href":"https:\/\/interaudit.com.br\/index.php\/wp-json\/wp\/v2\/tags?post=1280"}],"curies":[{"name":"wp","href":"https:\/\/api.w.org\/{rel}","templated":true}]}}