{"id":1238,"date":"2021-08-20T11:49:33","date_gmt":"2021-08-20T11:49:33","guid":{"rendered":"https:\/\/interaudit.com.br\/?p=1238"},"modified":"2021-08-20T11:49:35","modified_gmt":"2021-08-20T11:49:35","slug":"mei-precisa-de-contabilidade-entenda","status":"publish","type":"post","link":"https:\/\/interaudit.com.br\/index.php\/2021\/08\/20\/mei-precisa-de-contabilidade-entenda\/","title":{"rendered":"MEI precisa de contabilidade? Entenda;"},"content":{"rendered":"\n<p>Especialista explica que o microempreendedor poder\u00e1 ser tributado na pessoa f\u00edsica do Imposto de Renda.<\/p>\n\n\n\n<p>Com a crise atual e uma crescente busca pelas pessoas pelo empreendedorismo, vemos o n\u00famero de Microempreendedores Individuais&nbsp;<a href=\"https:\/\/www.contabeis.com.br\/tributario\/mei\/\">(MEI)<\/a>&nbsp;aumentar cada vez mais no pa\u00eds. S\u00e3o empresas que n\u00e3o s\u00e3o obrigadas a ter uma&nbsp;<a href=\"https:\/\/www.contabeis.com.br\/contabil\/contabilidade\/\">contabilidade,<\/a>&nbsp;mas podem correr graves riscos sem o aux\u00edlio de um profissional.<\/p>\n\n\n\n<p>Para entender melhor, o&nbsp;<a href=\"https:\/\/www.contabeis.com.br\/tributario\/mei\/\">MEI<\/a>&nbsp;nada mais \u00e9 do que um profissional aut\u00f4nomo. Com o&nbsp;<a href=\"https:\/\/www.contabeis.com.br\/tributario\/cnpj\/\">CNPJ,<\/a>&nbsp;ele tem facilidades com a abertura de conta banc\u00e1ria, no pedido de empr\u00e9stimos e na emiss\u00e3o de notas fiscais, al\u00e9m de ter obriga\u00e7\u00f5es e direitos de uma pessoa jur\u00eddica.<\/p>\n\n\n\n<p>Para ser&nbsp;<a href=\"https:\/\/www.contabeis.com.br\/tributario\/mei\/\">MEI<\/a>&nbsp;o empreendedor deve seguir algumas regras dentre as quais a atividade precisa estar na lista oficial da categoria; precisa faturar at\u00e9 R\ufe69 81.000,00 por ano ou R\ufe69 6.750,00 por m\u00eas e n\u00e3o ter participa\u00e7\u00e3o em outra empresa como s\u00f3cio ou titular.<\/p>\n\n\n\n<p>Outro ponto importante \u00e9 em rela\u00e7\u00e3o \u00e0 contribui\u00e7\u00e3o sendo que o c\u00e1lculo corresponde a 5% do limite mensal do sal\u00e1rio-m\u00ednimo e mais R\ufe69 1,00 a t\u00edtulo de&nbsp;<a href=\"https:\/\/www.contabeis.com.br\/tributario\/icms\/\">ICMS,<\/a>&nbsp;caso seja contribuinte desse imposto ou R\ufe69 5,00 a t\u00edtulo de ISS, caso seja contribuinte desse imposto.<\/p>\n\n\n\n<p>De acordo com Andr\u00e9 Ferreira, especialista em gest\u00e3o financeira de empresas e s\u00f3cio da ANIT Servi\u00e7os Financeiros, ao ver a simplicidade do regime tribut\u00e1rio, os empres\u00e1rios entendem que n\u00e3o existe a necessidade de contra com uma&nbsp;<a href=\"https:\/\/www.contabeis.com.br\/contabil\/contabilidade\/\">contabilidade,<\/a>&nbsp;j\u00e1 que os impostos ser\u00e3o recolhidos em valores fixos e mensais (DAS-PGMEI) e informados ela Declara\u00e7\u00e3o Anual do&nbsp;<a href=\"https:\/\/www.contabeis.com.br\/tributario\/mei\/\">MEI.<\/a><\/p>\n\n\n\n<p>\u201cNessa avalia\u00e7\u00e3o simplista que nasce um grande risco para o empreendedor, isso pelo fato de que sem uma escritura\u00e7\u00e3o cont\u00e1bil, o empreendedor ser\u00e1 tributado na pessoa f\u00edsica do titular em todo valor que ultrapassar 32% do lucro de sua&nbsp;<a href=\"https:\/\/www.contabeis.com.br\/tributario\/mei\/\">MEI<\/a>&nbsp;para Servi\u00e7os, 16% para Transportes e 8% para Com\u00e9rcio. E esse imposto n\u00e3o \u00e9 baixo, podendo chegar a at\u00e9 27,50% na tabela progressiva do IRPF\u201d, explica.<\/p>\n\n\n\n<p>Segundo ele, com o aux\u00edlio de um profissional cont\u00e1bil e mantendo a escritura\u00e7\u00e3o em dia, o&nbsp;<a href=\"https:\/\/www.contabeis.com.br\/tributario\/mei\/\">MEI<\/a>&nbsp;pode distribuir todo lucro auferido no ano, sem qualquer tributa\u00e7\u00e3o de&nbsp;<a href=\"https:\/\/www.contabeis.com.br\/tributario\/imposto_de_renda\/\">imposto de renda<\/a>&nbsp;na pessoa f\u00edsica.<\/p>\n\n\n\n<p>\u201cFica clara a necessidade dessas empresas se planejarem e buscarem por suportes de uma&nbsp;<a href=\"https:\/\/www.contabeis.com.br\/contabil\/contabilidade\/\">contabilidade,<\/a>&nbsp;isso proporcionar\u00e1 uma total distin\u00e7\u00e3o em rela\u00e7\u00e3o a carga tribut\u00e1ria caso o microempres\u00e1rio individual tenha que declarar&nbsp;<a href=\"https:\/\/www.contabeis.com.br\/tributario\/imposto_de_renda\/\">imposto de renda<\/a>&nbsp;pessoa f\u00edsica\u201d, finaliza.<\/p>\n\n\n\n<p>Fonte:&nbsp;<em>Assessoria de Imprensa Grupo Alliance<\/em><\/p>\n","protected":false},"excerpt":{"rendered":"<p>Especialista explica que o microempreendedor poder\u00e1 ser tributado na pessoa f\u00edsica do Imposto de Renda. Com a crise atual e uma crescente busca pelas pessoas pelo empreendedorismo, vemos o n\u00famero de Microempreendedores Individuais&nbsp;(MEI)&nbsp;aumentar cada vez mais no pa\u00eds. S\u00e3o empresas que n\u00e3o s\u00e3o obrigadas a ter uma&nbsp;contabilidade,&nbsp;mas podem correr graves riscos sem o aux\u00edlio de [&hellip;]<\/p>\n","protected":false},"author":2,"featured_media":1239,"comment_status":"open","ping_status":"open","sticky":false,"template":"","format":"standard","meta":{"footnotes":""},"categories":[11],"tags":[],"class_list":["post-1238","post","type-post","status-publish","format-standard","has-post-thumbnail","hentry","category-administracao"],"_links":{"self":[{"href":"https:\/\/interaudit.com.br\/index.php\/wp-json\/wp\/v2\/posts\/1238","targetHints":{"allow":["GET"]}}],"collection":[{"href":"https:\/\/interaudit.com.br\/index.php\/wp-json\/wp\/v2\/posts"}],"about":[{"href":"https:\/\/interaudit.com.br\/index.php\/wp-json\/wp\/v2\/types\/post"}],"author":[{"embeddable":true,"href":"https:\/\/interaudit.com.br\/index.php\/wp-json\/wp\/v2\/users\/2"}],"replies":[{"embeddable":true,"href":"https:\/\/interaudit.com.br\/index.php\/wp-json\/wp\/v2\/comments?post=1238"}],"version-history":[{"count":1,"href":"https:\/\/interaudit.com.br\/index.php\/wp-json\/wp\/v2\/posts\/1238\/revisions"}],"predecessor-version":[{"id":1240,"href":"https:\/\/interaudit.com.br\/index.php\/wp-json\/wp\/v2\/posts\/1238\/revisions\/1240"}],"wp:featuredmedia":[{"embeddable":true,"href":"https:\/\/interaudit.com.br\/index.php\/wp-json\/wp\/v2\/media\/1239"}],"wp:attachment":[{"href":"https:\/\/interaudit.com.br\/index.php\/wp-json\/wp\/v2\/media?parent=1238"}],"wp:term":[{"taxonomy":"category","embeddable":true,"href":"https:\/\/interaudit.com.br\/index.php\/wp-json\/wp\/v2\/categories?post=1238"},{"taxonomy":"post_tag","embeddable":true,"href":"https:\/\/interaudit.com.br\/index.php\/wp-json\/wp\/v2\/tags?post=1238"}],"curies":[{"name":"wp","href":"https:\/\/api.w.org\/{rel}","templated":true}]}}